{"id":706,"date":"2011-08-03T12:36:28","date_gmt":"2011-08-03T10:36:28","guid":{"rendered":"http:\/\/www.albanien.ch\/une\/?p=706"},"modified":"2011-08-03T12:36:28","modified_gmt":"2011-08-03T10:36:28","slug":"tirana-unoffiziell","status":"publish","type":"post","link":"https:\/\/www.albanien.ch\/une\/blog\/706","title":{"rendered":"Tirana unoffiziell"},"content":{"rendered":"<p>Soeben habe ich einen neuen Blog in der Liste rechts erg\u00e4nzt:<br \/>\n<a href=\"http:\/\/continentcontinent.cc\/blog\/tag\/albania\/\" target=\"_blank\">The Unofficial View of Tirana<\/a><\/p>\n<p>Dieser Blog bietet Erlebnisse und Einsichten eines holl\u00e4ndischen Doktoranden, der zur Zeit in Albanien lebt, sei es zu den <a href=\"http:\/\/continentcontinent.cc\/blog\/2011\/06\/the-unofficial-view-of-tirana-17\/\" target=\"_blank\">Wahlen<\/a>, zum <a href=\"http:\/\/continentcontinent.cc\/blog\/2011\/04\/the-unofficial-view-of-tirana-14\/\" target=\"_blank\">albanischen Adler in Blau<\/a> oder \u00fcber <a href=\"http:\/\/continentcontinent.cc\/blog\/2011\/02\/the-unofficial-view-of-tirana-8\/\" target=\"_blank\">1997<\/a>. Viel interessanter Lesestoff.<\/p>\n","protected":false},"excerpt":{"rendered":"<p>Soeben habe ich einen neuen Blog in der Liste rechts erg\u00e4nzt: The Unofficial View of Tirana Dieser Blog bietet Erlebnisse und Einsichten eines holl\u00e4ndischen Doktoranden, der zur Zeit in Albanien lebt, sei es zu den Wahlen, zum albanischen Adler in Blau oder \u00fcber 1997. Viel interessanter Lesestoff.<\/p>\n","protected":false},"author":2,"featured_media":0,"comment_status":"open","ping_status":"open","sticky":false,"template":"","format":"standard","meta":{"jetpack_post_was_ever_published":false,"_jetpack_newsletter_access":"","_jetpack_dont_email_post_to_subs":false,"_jetpack_newsletter_tier_id":0,"_jetpack_memberships_contains_paywalled_content":false,"_jetpack_memberships_contains_paid_content":false,"footnotes":"","jetpack_publicize_message":"","jetpack_publicize_feature_enabled":true,"jetpack_social_post_already_shared":false,"jetpack_social_options":{"image_generator_settings":{"template":"highway","default_image_id":0,"font":"","enabled":false},"version":2}},"categories":[3,26],"tags":[84,24],"class_list":["post-706","post","type-post","status-publish","format-standard","hentry","category-aktuell","category-albanien-internet","tag-blogs","tag-tirana"],"jetpack_publicize_connections":[],"jetpack_featured_media_url":"","jetpack_sharing_enabled":true,"_links":{"self":[{"href":"https:\/\/www.albanien.ch\/une\/wp-json\/wp\/v2\/posts\/706","targetHints":{"allow":["GET"]}}],"collection":[{"href":"https:\/\/www.albanien.ch\/une\/wp-json\/wp\/v2\/posts"}],"about":[{"href":"https:\/\/www.albanien.ch\/une\/wp-json\/wp\/v2\/types\/post"}],"author":[{"embeddable":true,"href":"https:\/\/www.albanien.ch\/une\/wp-json\/wp\/v2\/users\/2"}],"replies":[{"embeddable":true,"href":"https:\/\/www.albanien.ch\/une\/wp-json\/wp\/v2\/comments?post=706"}],"version-history":[{"count":4,"href":"https:\/\/www.albanien.ch\/une\/wp-json\/wp\/v2\/posts\/706\/revisions"}],"predecessor-version":[{"id":710,"href":"https:\/\/www.albanien.ch\/une\/wp-json\/wp\/v2\/posts\/706\/revisions\/710"}],"wp:attachment":[{"href":"https:\/\/www.albanien.ch\/une\/wp-json\/wp\/v2\/media?parent=706"}],"wp:term":[{"taxonomy":"category","embeddable":true,"href":"https:\/\/www.albanien.ch\/une\/wp-json\/wp\/v2\/categories?post=706"},{"taxonomy":"post_tag","embeddable":true,"href":"https:\/\/www.albanien.ch\/une\/wp-json\/wp\/v2\/tags?post=706"}],"curies":[{"name":"wp","href":"https:\/\/api.w.org\/{rel}","templated":true}]}}