{"id":417,"date":"2010-07-13T01:48:02","date_gmt":"2010-07-12T23:48:02","guid":{"rendered":"http:\/\/www.albanien.ch\/une\/?p=417"},"modified":"2010-07-13T01:48:02","modified_gmt":"2010-07-12T23:48:02","slug":"wie-baue-ich-eine-pipeline","status":"publish","type":"post","link":"https:\/\/www.albanien.ch\/une\/blog\/417","title":{"rendered":"Wie baue ich eine Pipeline?"},"content":{"rendered":"<p>Pipelines sind zur Zeit <em>in<\/em> in Europa. In der Ostsee wird eine gebaut und auch durch die Adria soll eine Gasleitung f\u00fchren, die Erdgas aus der Region vom Kaspischen Meer nach Italien bringen soll. \u00bbTAP\u00ab heisst dieses Projekt, das in S\u00fcdalbanien geplant wird: <a href=\"http:\/\/www.trans-adriatic-pipeline.com\/\" target=\"_blank\">Trans-Adriatic-Pipeline<\/a>. \u00bbAMBO\u00ab-Pipieline (\u00bbAlbania-Macedonia-Bulgaria-Oil\u00ab) ist der Name des zweiten Projekts, das Erd\u00f6l vom Schwarzen Meer nach Vlora pumpen soll.<\/p>\n<p>Wie man so eine Pipeline baut? Nat\u00fcrlich habe ich keine Ahnung. Aber nette Eindr\u00fccke von diesem Gewerbe gewinnt man, wen man die unten aufgef\u00fchrten Bilder von der <a href=\"http:\/\/www.trans-adriatic-pipeline.com\/news\/tap-starts-route-assesment-survey-in-albania_.html\" target=\"_blank\">Website von \u00bbTAP\u00ab<\/a> anschaut. Feldstecher scheinen wichtig zu sein auf den vielen Ausfl\u00fcgen durch die Landschaft, Karten noch mehr. Man braucht ein paar freundlich dreinschauende junge Westeurop\u00e4er mit Notizb\u00fcchern und ein paar reifere Amerikaner. H\u00e4nde sch\u00fctteln und l\u00e4cheln scheint auch wichtig zu sein. Nicht vergessen: R\u00fccksicht nehmen auf die Natur. Nur auf einem Bild scheint noch etwas Konfusion zu herrschen: f\u00fcnf Leute in Besprechung, die aber alle in verschiedene Richtungen schauen. Immerhin spricht man den Albanern noch Kompetenz zu, wenn es um die lokale Fauna und Flora geht \u2013 ansonsten sind aber nur Ausl\u00e4nder als Fachpersonen gefragt.<\/p>\n\n\t\t<style type=\"text\/css\">\n\t\t\t#gallery-1 {\n\t\t\t\tmargin: auto;\n\t\t\t}\n\t\t\t#gallery-1 .gallery-item {\n\t\t\t\tfloat: left;\n\t\t\t\tmargin-top: 10px;\n\t\t\t\ttext-align: center;\n\t\t\t\twidth: 50%;\n\t\t\t}\n\t\t\t#gallery-1 img {\n\t\t\t\tborder: 2px solid #cfcfcf;\n\t\t\t}\n\t\t\t#gallery-1 .gallery-caption {\n\t\t\t\tmargin-left: 0;\n\t\t\t}\n\t\t\t\/* see gallery_shortcode() in wp-includes\/media.php *\/\n\t\t<\/style>\n\t\t<div id='gallery-1' class='gallery galleryid-417 gallery-columns-2 gallery-size-thumbnail'><dl class='gallery-item'>\n\t\t\t<dt class='gallery-icon landscape'>\n\t\t\t\t<a href='https:\/\/www.albanien.ch\/une\/blog\/417\/tap1'><img loading=\"lazy\" decoding=\"async\" width=\"150\" height=\"150\" src=\"https:\/\/www.albanien.ch\/une\/wp-content\/uploads\/2010\/07\/tap1-150x150.jpg\" class=\"attachment-thumbnail size-thumbnail\" alt=\"TAP: Planning of the field survey (\u00c2\u00a9 Bevis Fusha\/TAP Project)\" aria-describedby=\"gallery-1-419\" \/><\/a>\n\t\t\t<\/dt>\n\t\t\t\t<dd class='wp-caption-text gallery-caption' id='gallery-1-419'>\n\t\t\t\tTrans Adriatic Pipeline: Planning of the field survey (\u00a9 Bevis Fusha\/TAP Project)\n\t\t\t\t<\/dd><\/dl><dl class='gallery-item'>\n\t\t\t<dt class='gallery-icon landscape'>\n\t\t\t\t<a href='https:\/\/www.albanien.ch\/une\/blog\/417\/tap2'><img loading=\"lazy\" decoding=\"async\" width=\"150\" height=\"150\" src=\"https:\/\/www.albanien.ch\/une\/wp-content\/uploads\/2010\/07\/tap2-150x150.jpg\" class=\"attachment-thumbnail size-thumbnail\" alt=\"TAP: Route assesment by the technical team (\u00c2\u00a9 Bevis Fusha\/TAP Project)\" aria-describedby=\"gallery-1-420\" \/><\/a>\n\t\t\t<\/dt>\n\t\t\t\t<dd class='wp-caption-text gallery-caption' id='gallery-1-420'>\n\t\t\t\tTrans Adriatic Pipeline: Route assesment by the technical team (\u00a9 Bevis Fusha\/TAP Project)\n\t\t\t\t<\/dd><\/dl><br style=\"clear: both\" \/><dl class='gallery-item'>\n\t\t\t<dt class='gallery-icon landscape'>\n\t\t\t\t<a href='https:\/\/www.albanien.ch\/une\/blog\/417\/tap3'><img loading=\"lazy\" decoding=\"async\" width=\"150\" height=\"150\" src=\"https:\/\/www.albanien.ch\/une\/wp-content\/uploads\/2010\/07\/tap3-150x150.jpg\" class=\"attachment-thumbnail size-thumbnail\" alt=\"TAP: Route assesment by environmentalists (\u00c2\u00a9 Bevis Fusha\/TAP Project)\" aria-describedby=\"gallery-1-421\" \/><\/a>\n\t\t\t<\/dt>\n\t\t\t\t<dd class='wp-caption-text gallery-caption' id='gallery-1-421'>\n\t\t\t\tTrans Adriatic Pipeline: Route assesment by environmentalists (\u00a9 Bevis Fusha\/TAP Project)\n\t\t\t\t<\/dd><\/dl><dl class='gallery-item'>\n\t\t\t<dt class='gallery-icon landscape'>\n\t\t\t\t<a href='https:\/\/www.albanien.ch\/une\/blog\/417\/tap4'><img loading=\"lazy\" decoding=\"async\" width=\"150\" height=\"150\" src=\"https:\/\/www.albanien.ch\/une\/wp-content\/uploads\/2010\/07\/tap4-150x150.jpg\" class=\"attachment-thumbnail size-thumbnail\" alt=\"TAP: Meetings with local residents (\u00c2\u00a9 Bevis Fusha\/TAP Project)\" aria-describedby=\"gallery-1-422\" \/><\/a>\n\t\t\t<\/dt>\n\t\t\t\t<dd class='wp-caption-text gallery-caption' id='gallery-1-422'>\n\t\t\t\tTrans Adriatic Pipeline: Meetings with local residents (\u00a9 Bevis Fusha\/TAP Project)\n\t\t\t\t<\/dd><\/dl><br style=\"clear: both\" \/>\n\t\t<\/div>\n\n","protected":false},"excerpt":{"rendered":"<p>Pipelines sind zur Zeit in in Europa. In der Ostsee wird eine gebaut und auch durch die Adria soll eine Gasleitung f\u00fchren, die Erdgas aus der Region vom Kaspischen Meer nach Italien bringen soll. \u00bbTAP\u00ab heisst dieses Projekt, das in S\u00fcdalbanien geplant wird: Trans-Adriatic-Pipeline. \u00bbAMBO\u00ab-Pipieline (\u00bbAlbania-Macedonia-Bulgaria-Oil\u00ab) ist der Name des zweiten Projekts, das Erd\u00f6l vom &#8230; <\/p>\n<p class=\"moree\"><a class=\"btn btn-inverse btn-normal btn-primary \" href=\"https:\/\/www.albanien.ch\/une\/blog\/417\">Read more<\/a><\/p>\n","protected":false},"author":2,"featured_media":0,"comment_status":"open","ping_status":"open","sticky":false,"template":"","format":"standard","meta":{"jetpack_post_was_ever_published":false,"_jetpack_newsletter_access":"","_jetpack_dont_email_post_to_subs":false,"_jetpack_newsletter_tier_id":0,"_jetpack_memberships_contains_paywalled_content":false,"_jetpack_memberships_contains_paid_content":false,"footnotes":"","jetpack_publicize_message":"","jetpack_publicize_feature_enabled":true,"jetpack_social_post_already_shared":false,"jetpack_social_options":{"image_generator_settings":{"template":"highway","default_image_id":0,"font":"","enabled":false},"version":2}},"categories":[11,26],"tags":[262,263,261,259,260,264,240],"class_list":["post-417","post","type-post","status-publish","format-standard","hentry","category-economy","category-albanien-internet","tag-erdgas","tag-erdol","tag-gas","tag-pipeline","tag-pr","tag-tap","tag-wirtschaft"],"jetpack_publicize_connections":[],"jetpack_featured_media_url":"","jetpack_sharing_enabled":true,"_links":{"self":[{"href":"https:\/\/www.albanien.ch\/une\/wp-json\/wp\/v2\/posts\/417","targetHints":{"allow":["GET"]}}],"collection":[{"href":"https:\/\/www.albanien.ch\/une\/wp-json\/wp\/v2\/posts"}],"about":[{"href":"https:\/\/www.albanien.ch\/une\/wp-json\/wp\/v2\/types\/post"}],"author":[{"embeddable":true,"href":"https:\/\/www.albanien.ch\/une\/wp-json\/wp\/v2\/users\/2"}],"replies":[{"embeddable":true,"href":"https:\/\/www.albanien.ch\/une\/wp-json\/wp\/v2\/comments?post=417"}],"version-history":[{"count":8,"href":"https:\/\/www.albanien.ch\/une\/wp-json\/wp\/v2\/posts\/417\/revisions"}],"predecessor-version":[{"id":429,"href":"https:\/\/www.albanien.ch\/une\/wp-json\/wp\/v2\/posts\/417\/revisions\/429"}],"wp:attachment":[{"href":"https:\/\/www.albanien.ch\/une\/wp-json\/wp\/v2\/media?parent=417"}],"wp:term":[{"taxonomy":"category","embeddable":true,"href":"https:\/\/www.albanien.ch\/une\/wp-json\/wp\/v2\/categories?post=417"},{"taxonomy":"post_tag","embeddable":true,"href":"https:\/\/www.albanien.ch\/une\/wp-json\/wp\/v2\/tags?post=417"}],"curies":[{"name":"wp","href":"https:\/\/api.w.org\/{rel}","templated":true}]}}