{"id":10,"date":"2009-02-17T23:57:28","date_gmt":"2009-02-17T22:57:28","guid":{"rendered":"http:\/\/www.albanien.ch\/une\/?p=10"},"modified":"2009-02-18T23:33:01","modified_gmt":"2009-02-18T22:33:01","slug":"gesang-vom-feinsten","status":"publish","type":"post","link":"https:\/\/www.albanien.ch\/une\/blog\/10","title":{"rendered":"Gesang vom Feinsten"},"content":{"rendered":"<p>Vermutlich werde ich noch bei anderer Gelegenheit darauf zu sprechen kommen. Es wird gen\u00fcgend dar\u00fcber zu berichten geben, von diesem sch\u00f6nen, einzigartigen, leider wohl auch einmaligen Abend in St. Gallen vor einer Woche. Verschiedene albanische Operns\u00e4nger haben in der Tonhalle ein Benefizkonzert geboten \u2013 Weltstars haben grossartige Kunst ins Land gebracht. Den Veranstaltern \u2013 unter anderem Kiwanis \u2013 m\u00f6chte ich meinen Dank aussprechen f\u00fcr dieses unvergessliche Ereignis. Mir war nicht bewusst, dass Albanien so tolle K\u00fcnstler f\u00fcr klassische Musik hervorgebracht hat. Staunend, \u00fcberrascht und sehr erf\u00fcllt ging es zur\u00fcck nach Hause.<\/p>\n<div id=\"attachment_9\" style=\"width: 310px\" class=\"wp-caption aligncenter\"><a href=\"https:\/\/www.albanien.ch\/une\/wp-content\/uploads\/2009\/02\/200902_sg_konzert2.jpg\"><img loading=\"lazy\" decoding=\"async\" aria-describedby=\"caption-attachment-9\" class=\"size-medium wp-image-9\" title=\"Konzert in St. Gallen im Februar 2009\" src=\"https:\/\/www.albanien.ch\/une\/wp-content\/uploads\/2009\/02\/200902_sg_konzert2-300x199.jpg\" alt=\"Konzert in St. Gallen im Februar 2009\" width=\"300\" height=\"199\" srcset=\"https:\/\/www.albanien.ch\/une\/wp-content\/uploads\/2009\/02\/200902_sg_konzert2-300x199.jpg 300w, https:\/\/www.albanien.ch\/une\/wp-content\/uploads\/2009\/02\/200902_sg_konzert2-1024x680.jpg 1024w\" sizes=\"auto, (max-width: 300px) 100vw, 300px\" \/><\/a><p id=\"caption-attachment-9\" class=\"wp-caption-text\">Tenor Saimir Pirgu mit der Pianistin Edlira Dedja<\/p><\/div>\n<div id=\"attachment_8\" style=\"width: 310px\" class=\"wp-caption aligncenter\"><a href=\"https:\/\/www.albanien.ch\/une\/wp-content\/uploads\/2009\/02\/200902_sg_konzert1.jpg\"><img loading=\"lazy\" decoding=\"async\" aria-describedby=\"caption-attachment-8\" class=\"size-medium wp-image-8\" title=\"Konzert in St. Gallen im Februar 2009\" src=\"https:\/\/www.albanien.ch\/une\/wp-content\/uploads\/2009\/02\/200902_sg_konzert1-300x199.jpg\" alt=\"Konzert in St. Gallen im Februar 2009\" width=\"300\" height=\"199\" srcset=\"https:\/\/www.albanien.ch\/une\/wp-content\/uploads\/2009\/02\/200902_sg_konzert1-300x199.jpg 300w, https:\/\/www.albanien.ch\/une\/wp-content\/uploads\/2009\/02\/200902_sg_konzert1-1024x680.jpg 1024w\" sizes=\"auto, (max-width: 300px) 100vw, 300px\" \/><\/a><p id=\"caption-attachment-8\" class=\"wp-caption-text\">Mezzo-Sopran Enkeledja Shkoza<\/p><\/div>\n","protected":false},"excerpt":{"rendered":"<p>Vermutlich werde ich noch bei anderer Gelegenheit darauf zu sprechen kommen. Es wird gen\u00fcgend dar\u00fcber zu berichten geben, von diesem sch\u00f6nen, einzigartigen, leider wohl auch einmaligen Abend in St. Gallen vor einer Woche. Verschiedene albanische Operns\u00e4nger haben in der Tonhalle ein Benefizkonzert geboten \u2013 Weltstars haben grossartige Kunst ins Land gebracht. Den Veranstaltern \u2013 unter &#8230; <\/p>\n<p class=\"moree\"><a class=\"btn btn-inverse btn-normal btn-primary \" href=\"https:\/\/www.albanien.ch\/une\/blog\/10\">Read more<\/a><\/p>\n","protected":false},"author":2,"featured_media":0,"comment_status":"open","ping_status":"open","sticky":false,"template":"","format":"standard","meta":{"jetpack_post_was_ever_published":false,"_jetpack_newsletter_access":"","_jetpack_dont_email_post_to_subs":false,"_jetpack_newsletter_tier_id":0,"_jetpack_memberships_contains_paywalled_content":false,"_jetpack_memberships_contains_paid_content":false,"footnotes":"","jetpack_publicize_message":"","jetpack_publicize_feature_enabled":true,"jetpack_social_post_already_shared":false,"jetpack_social_options":{"image_generator_settings":{"template":"highway","default_image_id":0,"font":"","enabled":false},"version":2}},"categories":[5],"tags":[],"class_list":["post-10","post","type-post","status-publish","format-standard","hentry","category-events"],"jetpack_publicize_connections":[],"jetpack_featured_media_url":"","jetpack_sharing_enabled":true,"_links":{"self":[{"href":"https:\/\/www.albanien.ch\/une\/wp-json\/wp\/v2\/posts\/10","targetHints":{"allow":["GET"]}}],"collection":[{"href":"https:\/\/www.albanien.ch\/une\/wp-json\/wp\/v2\/posts"}],"about":[{"href":"https:\/\/www.albanien.ch\/une\/wp-json\/wp\/v2\/types\/post"}],"author":[{"embeddable":true,"href":"https:\/\/www.albanien.ch\/une\/wp-json\/wp\/v2\/users\/2"}],"replies":[{"embeddable":true,"href":"https:\/\/www.albanien.ch\/une\/wp-json\/wp\/v2\/comments?post=10"}],"version-history":[{"count":7,"href":"https:\/\/www.albanien.ch\/une\/wp-json\/wp\/v2\/posts\/10\/revisions"}],"predecessor-version":[{"id":20,"href":"https:\/\/www.albanien.ch\/une\/wp-json\/wp\/v2\/posts\/10\/revisions\/20"}],"wp:attachment":[{"href":"https:\/\/www.albanien.ch\/une\/wp-json\/wp\/v2\/media?parent=10"}],"wp:term":[{"taxonomy":"category","embeddable":true,"href":"https:\/\/www.albanien.ch\/une\/wp-json\/wp\/v2\/categories?post=10"},{"taxonomy":"post_tag","embeddable":true,"href":"https:\/\/www.albanien.ch\/une\/wp-json\/wp\/v2\/tags?post=10"}],"curies":[{"name":"wp","href":"https:\/\/api.w.org\/{rel}","templated":true}]}}