{"id":64,"date":"2008-02-20T00:45:00","date_gmt":"2008-02-19T22:45:00","guid":{"rendered":"https:\/\/www.albanien.ch\/bb\/?p=64"},"modified":"2014-09-10T12:53:43","modified_gmt":"2014-09-10T10:53:43","slug":"kosova-unabhaengig","status":"publish","type":"post","link":"https:\/\/www.albanien.ch\/bb\/2008\/02\/kosova-unabhaengig\/","title":{"rendered":"Kosova unabh\u00e4ngig"},"content":{"rendered":"<p>Die Republik Albanien hat am Tag nach der Unabh\u00e4ngigkeitserkl\u00e4rung Kosovas die den neuen Staat anerkannt. Damit geh\u00f6rt Albanien zu den ersten sieben Staaten, die diesen Schritt unternahmen. <!--more--><\/p>\n<p>Die albanische Regierung begr\u00fcsste die M\u00f6glichkeit der Selbstbestimmung der Kosovaren. Von einem Grossalbanien distanzierten sich aber die Politiker in Tirana.<\/p>\n<p style=\"text-align: right;\">(div)<\/p>\n","protected":false},"excerpt":{"rendered":"<p>Die Republik Albanien hat am Tag nach der Unabh\u00e4ngigkeitserkl\u00e4rung Kosovas die den neuen Staat anerkannt. Damit geh\u00f6rt Albanien zu den ersten sieben Staaten, die diesen Schritt unternahmen.<\/p>\n","protected":false},"author":1,"featured_media":0,"comment_status":"open","ping_status":"open","sticky":false,"template":"","format":"standard","meta":{"jetpack_post_was_ever_published":false,"_jetpack_newsletter_access":"","_jetpack_dont_email_post_to_subs":false,"_jetpack_newsletter_tier_id":0,"_jetpack_memberships_contains_paywalled_content":false,"_jetpack_memberships_contains_paid_content":false,"footnotes":"","jetpack_publicize_message":"","jetpack_publicize_feature_enabled":true,"jetpack_social_post_already_shared":false,"jetpack_social_options":{"image_generator_settings":{"template":"highway","default_image_id":0,"font":"","enabled":false},"version":2}},"categories":[2],"tags":[78,43],"class_list":["post-64","post","type-post","status-publish","format-standard","hentry","category-politik","tag-kosova","tag-unabhaengigkeit"],"yoast_head":"<!-- This site is optimized with the Yoast SEO plugin v25.9 - https:\/\/yoast.com\/wordpress\/plugins\/seo\/ -->\n<title>Kosova unabh\u00e4ngig - News by newsletter Albanien<\/title>\n<meta name=\"robots\" content=\"index, follow, max-snippet:-1, max-image-preview:large, max-video-preview:-1\" \/>\n<link rel=\"canonical\" href=\"https:\/\/www.albanien.ch\/bb\/2008\/02\/kosova-unabhaengig\/\" \/>\n<meta property=\"og:locale\" content=\"de_DE\" \/>\n<meta property=\"og:type\" content=\"article\" \/>\n<meta property=\"og:title\" content=\"Kosova unabh\u00e4ngig - News by newsletter Albanien\" \/>\n<meta property=\"og:description\" content=\"Die Republik Albanien hat am Tag nach der Unabh\u00e4ngigkeitserkl\u00e4rung Kosovas die den neuen Staat anerkannt. Damit geh\u00f6rt Albanien zu den ersten sieben Staaten, die diesen Schritt unternahmen.\" \/>\n<meta property=\"og:url\" content=\"https:\/\/www.albanien.ch\/bb\/2008\/02\/kosova-unabhaengig\/\" \/>\n<meta property=\"og:site_name\" content=\"News by newsletter Albanien\" \/>\n<meta property=\"article:published_time\" content=\"2008-02-19T22:45:00+00:00\" \/>\n<meta property=\"article:modified_time\" content=\"2014-09-10T10:53:43+00:00\" \/>\n<meta name=\"author\" content=\"Lars\" \/>\n<meta name=\"twitter:card\" content=\"summary_large_image\" \/>\n<meta name=\"twitter:label1\" content=\"Verfasst von\" \/>\n\t<meta name=\"twitter:data1\" content=\"Lars\" \/>\n<script type=\"application\/ld+json\" class=\"yoast-schema-graph\">{\"@context\":\"https:\/\/schema.org\",\"@graph\":[{\"@type\":\"WebPage\",\"@id\":\"https:\/\/www.albanien.ch\/bb\/2008\/02\/kosova-unabhaengig\/\",\"url\":\"https:\/\/www.albanien.ch\/bb\/2008\/02\/kosova-unabhaengig\/\",\"name\":\"Kosova unabh\u00e4ngig - News by newsletter Albanien\",\"isPartOf\":{\"@id\":\"https:\/\/www.albanien.ch\/bb\/#website\"},\"datePublished\":\"2008-02-19T22:45:00+00:00\",\"dateModified\":\"2014-09-10T10:53:43+00:00\",\"author\":{\"@id\":\"https:\/\/www.albanien.ch\/bb\/#\/schema\/person\/624292b9f7a7eaf439eaffe096d11c33\"},\"breadcrumb\":{\"@id\":\"https:\/\/www.albanien.ch\/bb\/2008\/02\/kosova-unabhaengig\/#breadcrumb\"},\"inLanguage\":\"de\",\"potentialAction\":[{\"@type\":\"ReadAction\",\"target\":[\"https:\/\/www.albanien.ch\/bb\/2008\/02\/kosova-unabhaengig\/\"]}]},{\"@type\":\"BreadcrumbList\",\"@id\":\"https:\/\/www.albanien.ch\/bb\/2008\/02\/kosova-unabhaengig\/#breadcrumb\",\"itemListElement\":[{\"@type\":\"ListItem\",\"position\":1,\"name\":\"Startseite\",\"item\":\"https:\/\/www.albanien.ch\/bb\/\"},{\"@type\":\"ListItem\",\"position\":2,\"name\":\"Kosova unabh\u00e4ngig\"}]},{\"@type\":\"WebSite\",\"@id\":\"https:\/\/www.albanien.ch\/bb\/#website\",\"url\":\"https:\/\/www.albanien.ch\/bb\/\",\"name\":\"News by newsletter Albanien\",\"description\":\"Nachrichten aus und \u00fcber Albanien\",\"potentialAction\":[{\"@type\":\"SearchAction\",\"target\":{\"@type\":\"EntryPoint\",\"urlTemplate\":\"https:\/\/www.albanien.ch\/bb\/?s={search_term_string}\"},\"query-input\":{\"@type\":\"PropertyValueSpecification\",\"valueRequired\":true,\"valueName\":\"search_term_string\"}}],\"inLanguage\":\"de\"},{\"@type\":\"Person\",\"@id\":\"https:\/\/www.albanien.ch\/bb\/#\/schema\/person\/624292b9f7a7eaf439eaffe096d11c33\",\"name\":\"Lars\",\"description\":\"Redaktor und Betreiber von albanien.ch\",\"url\":\"https:\/\/www.albanien.ch\/bb\/author\/lars\/\"}]}<\/script>\n<!-- \/ Yoast SEO plugin. -->","yoast_head_json":{"title":"Kosova unabh\u00e4ngig - News by newsletter Albanien","robots":{"index":"index","follow":"follow","max-snippet":"max-snippet:-1","max-image-preview":"max-image-preview:large","max-video-preview":"max-video-preview:-1"},"canonical":"https:\/\/www.albanien.ch\/bb\/2008\/02\/kosova-unabhaengig\/","og_locale":"de_DE","og_type":"article","og_title":"Kosova unabh\u00e4ngig - News by newsletter Albanien","og_description":"Die Republik Albanien hat am Tag nach der Unabh\u00e4ngigkeitserkl\u00e4rung Kosovas die den neuen Staat anerkannt. Damit geh\u00f6rt Albanien zu den ersten sieben Staaten, die diesen Schritt unternahmen.","og_url":"https:\/\/www.albanien.ch\/bb\/2008\/02\/kosova-unabhaengig\/","og_site_name":"News by newsletter Albanien","article_published_time":"2008-02-19T22:45:00+00:00","article_modified_time":"2014-09-10T10:53:43+00:00","author":"Lars","twitter_card":"summary_large_image","twitter_misc":{"Verfasst von":"Lars"},"schema":{"@context":"https:\/\/schema.org","@graph":[{"@type":"WebPage","@id":"https:\/\/www.albanien.ch\/bb\/2008\/02\/kosova-unabhaengig\/","url":"https:\/\/www.albanien.ch\/bb\/2008\/02\/kosova-unabhaengig\/","name":"Kosova unabh\u00e4ngig - News by newsletter Albanien","isPartOf":{"@id":"https:\/\/www.albanien.ch\/bb\/#website"},"datePublished":"2008-02-19T22:45:00+00:00","dateModified":"2014-09-10T10:53:43+00:00","author":{"@id":"https:\/\/www.albanien.ch\/bb\/#\/schema\/person\/624292b9f7a7eaf439eaffe096d11c33"},"breadcrumb":{"@id":"https:\/\/www.albanien.ch\/bb\/2008\/02\/kosova-unabhaengig\/#breadcrumb"},"inLanguage":"de","potentialAction":[{"@type":"ReadAction","target":["https:\/\/www.albanien.ch\/bb\/2008\/02\/kosova-unabhaengig\/"]}]},{"@type":"BreadcrumbList","@id":"https:\/\/www.albanien.ch\/bb\/2008\/02\/kosova-unabhaengig\/#breadcrumb","itemListElement":[{"@type":"ListItem","position":1,"name":"Startseite","item":"https:\/\/www.albanien.ch\/bb\/"},{"@type":"ListItem","position":2,"name":"Kosova unabh\u00e4ngig"}]},{"@type":"WebSite","@id":"https:\/\/www.albanien.ch\/bb\/#website","url":"https:\/\/www.albanien.ch\/bb\/","name":"News by newsletter Albanien","description":"Nachrichten aus und \u00fcber Albanien","potentialAction":[{"@type":"SearchAction","target":{"@type":"EntryPoint","urlTemplate":"https:\/\/www.albanien.ch\/bb\/?s={search_term_string}"},"query-input":{"@type":"PropertyValueSpecification","valueRequired":true,"valueName":"search_term_string"}}],"inLanguage":"de"},{"@type":"Person","@id":"https:\/\/www.albanien.ch\/bb\/#\/schema\/person\/624292b9f7a7eaf439eaffe096d11c33","name":"Lars","description":"Redaktor und Betreiber von albanien.ch","url":"https:\/\/www.albanien.ch\/bb\/author\/lars\/"}]}},"jetpack_publicize_connections":[],"jetpack_featured_media_url":"","jetpack_sharing_enabled":true,"jetpack_likes_enabled":false,"_links":{"self":[{"href":"https:\/\/www.albanien.ch\/bb\/wp-json\/wp\/v2\/posts\/64","targetHints":{"allow":["GET"]}}],"collection":[{"href":"https:\/\/www.albanien.ch\/bb\/wp-json\/wp\/v2\/posts"}],"about":[{"href":"https:\/\/www.albanien.ch\/bb\/wp-json\/wp\/v2\/types\/post"}],"author":[{"embeddable":true,"href":"https:\/\/www.albanien.ch\/bb\/wp-json\/wp\/v2\/users\/1"}],"replies":[{"embeddable":true,"href":"https:\/\/www.albanien.ch\/bb\/wp-json\/wp\/v2\/comments?post=64"}],"version-history":[{"count":2,"href":"https:\/\/www.albanien.ch\/bb\/wp-json\/wp\/v2\/posts\/64\/revisions"}],"predecessor-version":[{"id":220,"href":"https:\/\/www.albanien.ch\/bb\/wp-json\/wp\/v2\/posts\/64\/revisions\/220"}],"wp:attachment":[{"href":"https:\/\/www.albanien.ch\/bb\/wp-json\/wp\/v2\/media?parent=64"}],"wp:term":[{"taxonomy":"category","embeddable":true,"href":"https:\/\/www.albanien.ch\/bb\/wp-json\/wp\/v2\/categories?post=64"},{"taxonomy":"post_tag","embeddable":true,"href":"https:\/\/www.albanien.ch\/bb\/wp-json\/wp\/v2\/tags?post=64"}],"curies":[{"name":"wp","href":"https:\/\/api.w.org\/{rel}","templated":true}]}}