{"id":441,"date":"2015-06-24T18:11:48","date_gmt":"2015-06-24T16:11:48","guid":{"rendered":"https:\/\/www.albanien.ch\/bb\/?p=441"},"modified":"2015-06-24T18:11:48","modified_gmt":"2015-06-24T16:11:48","slug":"gewalt-gegen-staatsmacht","status":"publish","type":"post","link":"https:\/\/www.albanien.ch\/bb\/2015\/06\/gewalt-gegen-staatsmacht\/","title":{"rendered":"Gewalt gegen Staatsmacht"},"content":{"rendered":"<h4>Polizist in Lazarat erschossen \u2013 Ausz\u00e4hlb\u00fcro im Norden gest\u00fcrmt<\/h4>\n<p><!--more--><\/p>\n<p>Nach den eigentlich ruhigen <a href=\"https:\/\/www.albanien.ch\/bb\/2015\/06\/unaufgeregte-lokalwahlen\/\">Wahlen<\/a> haben jetzt zwei Ereignisse Albanien ersch\u00fcttert:<\/p>\n<div id=\"attachment_444\" style=\"width: 310px\" class=\"wp-caption alignleft\"><a href=\"https:\/\/www.albanien.ch\/bb\/?attachment_id=444\"><img loading=\"lazy\" decoding=\"async\" aria-describedby=\"caption-attachment-444\" class=\"wp-image-444 size-medium\" src=\"https:\/\/www.albanien.ch\/bb\/wp-content\/uploads\/2015\/06\/Lazarat-1-10-300x199.jpg\" alt=\"Polizeiaktion in Lazarat im  Juni 2014\" width=\"300\" height=\"199\" srcset=\"https:\/\/www.albanien.ch\/bb\/wp-content\/uploads\/2015\/06\/Lazarat-1-10-300x199.jpg 300w, https:\/\/www.albanien.ch\/bb\/wp-content\/uploads\/2015\/06\/Lazarat-1-10.jpg 723w\" sizes=\"auto, (max-width: 300px) 100vw, 300px\" \/><\/a><p id=\"caption-attachment-444\" class=\"wp-caption-text\">Polizeiaktion in Lazarat im Juni 2014<\/p><\/div>\n<p>Im Dorf Lazarat bei Gjirokastra im S\u00fcden des Landes wurde ein Polizist einer Spezialeinheit erschossen und zwei weitere schwer verletzt. Die Polizisten waren\u00a0in der ehemaligen Kanabis-Hochburg, die lange rechtloses Gebiet war, auf der Suche nach einer Gruppe, die zuvor\u00a0Sch\u00fcsse\u00a0abgegeben hatten. Aktuell sind\u00a0Hunderte von Polizisten in Lazarat, die das Dorf umstellt haben\u00a0und\u00a0versuchen, die T\u00e4ter festzunehmen. Die Tat wurde von politischer Seite stark verurteilt.<\/p>\n<p>In der Region Mal\u00ebsia e Madhe in Nordalbanien haben\u00a0in der Nacht auf heute politische Fanatiker versucht, ein B\u00fcro zu st\u00fcrmen, in dem\u00a0die\u00a0Stimmen der Lokalwahlen ausgez\u00e4hlt wurden. Auch hier musste die Polizei einschreiten. Da aber trotz Spezialkr\u00e4ften die Lage angespannt blieb, wurde entschieden, die Ausz\u00e4hlung der Stimmen in Tirana fortzusetzen. Damit f\u00e4llt doch noch ein negatives Licht auf den\u00a0sonst gut verlaufenen Wahlgang.<\/p>\n","protected":false},"excerpt":{"rendered":"<p>Polizist in Lazarat erschossen \u2013 Ausz\u00e4hlb\u00fcro im Norden gest\u00fcrmt<\/p>\n","protected":false},"author":1,"featured_media":443,"comment_status":"open","ping_status":"open","sticky":false,"template":"","format":"standard","meta":{"jetpack_post_was_ever_published":false,"_jetpack_newsletter_access":"","_jetpack_dont_email_post_to_subs":false,"_jetpack_newsletter_tier_id":0,"_jetpack_memberships_contains_paywalled_content":false,"_jetpack_memberships_contains_paid_content":false,"footnotes":"","jetpack_publicize_message":"","jetpack_publicize_feature_enabled":true,"jetpack_social_post_already_shared":true,"jetpack_social_options":{"image_generator_settings":{"template":"highway","default_image_id":0,"font":"","enabled":false},"version":2}},"categories":[3],"tags":[16,231,114,30],"class_list":["post-441","post","type-post","status-publish","format-standard","has-post-thumbnail","hentry","category-aktuelles-aus-albanien","tag-lazarat","tag-malesia-e-madhe","tag-polizei","tag-wahlen"],"yoast_head":"<!-- This site is optimized with the Yoast SEO plugin v25.9 - https:\/\/yoast.com\/wordpress\/plugins\/seo\/ -->\n<title>Gewalt gegen Staatsmacht - News by newsletter Albanien<\/title>\n<meta name=\"robots\" content=\"index, follow, max-snippet:-1, max-image-preview:large, max-video-preview:-1\" \/>\n<link rel=\"canonical\" href=\"https:\/\/www.albanien.ch\/bb\/2015\/06\/gewalt-gegen-staatsmacht\/\" \/>\n<meta property=\"og:locale\" content=\"de_DE\" \/>\n<meta property=\"og:type\" content=\"article\" \/>\n<meta property=\"og:title\" content=\"Gewalt gegen Staatsmacht - News by newsletter Albanien\" \/>\n<meta property=\"og:description\" content=\"Polizist in Lazarat erschossen \u2013 Ausz\u00e4hlb\u00fcro im Norden gest\u00fcrmt\" \/>\n<meta property=\"og:url\" content=\"https:\/\/www.albanien.ch\/bb\/2015\/06\/gewalt-gegen-staatsmacht\/\" \/>\n<meta property=\"og:site_name\" content=\"News by newsletter Albanien\" \/>\n<meta property=\"article:published_time\" content=\"2015-06-24T16:11:48+00:00\" \/>\n<meta property=\"og:image\" content=\"https:\/\/www.albanien.ch\/bb\/wp-content\/uploads\/2015\/06\/Lazarat-3-5.jpg\" \/>\n\t<meta property=\"og:image:width\" content=\"723\" \/>\n\t<meta property=\"og:image:height\" content=\"480\" \/>\n\t<meta property=\"og:image:type\" content=\"image\/jpeg\" \/>\n<meta name=\"author\" content=\"Lars\" \/>\n<meta name=\"twitter:card\" content=\"summary_large_image\" \/>\n<meta name=\"twitter:label1\" content=\"Verfasst von\" \/>\n\t<meta name=\"twitter:data1\" content=\"Lars\" \/>\n\t<meta name=\"twitter:label2\" content=\"Gesch\u00e4tzte Lesezeit\" \/>\n\t<meta name=\"twitter:data2\" content=\"1\u00a0Minute\" \/>\n<script type=\"application\/ld+json\" class=\"yoast-schema-graph\">{\"@context\":\"https:\/\/schema.org\",\"@graph\":[{\"@type\":\"WebPage\",\"@id\":\"https:\/\/www.albanien.ch\/bb\/2015\/06\/gewalt-gegen-staatsmacht\/\",\"url\":\"https:\/\/www.albanien.ch\/bb\/2015\/06\/gewalt-gegen-staatsmacht\/\",\"name\":\"Gewalt gegen Staatsmacht - News by newsletter Albanien\",\"isPartOf\":{\"@id\":\"https:\/\/www.albanien.ch\/bb\/#website\"},\"primaryImageOfPage\":{\"@id\":\"https:\/\/www.albanien.ch\/bb\/2015\/06\/gewalt-gegen-staatsmacht\/#primaryimage\"},\"image\":{\"@id\":\"https:\/\/www.albanien.ch\/bb\/2015\/06\/gewalt-gegen-staatsmacht\/#primaryimage\"},\"thumbnailUrl\":\"https:\/\/www.albanien.ch\/bb\/wp-content\/uploads\/2015\/06\/Lazarat-3-5.jpg\",\"datePublished\":\"2015-06-24T16:11:48+00:00\",\"author\":{\"@id\":\"https:\/\/www.albanien.ch\/bb\/#\/schema\/person\/624292b9f7a7eaf439eaffe096d11c33\"},\"breadcrumb\":{\"@id\":\"https:\/\/www.albanien.ch\/bb\/2015\/06\/gewalt-gegen-staatsmacht\/#breadcrumb\"},\"inLanguage\":\"de\",\"potentialAction\":[{\"@type\":\"ReadAction\",\"target\":[\"https:\/\/www.albanien.ch\/bb\/2015\/06\/gewalt-gegen-staatsmacht\/\"]}]},{\"@type\":\"ImageObject\",\"inLanguage\":\"de\",\"@id\":\"https:\/\/www.albanien.ch\/bb\/2015\/06\/gewalt-gegen-staatsmacht\/#primaryimage\",\"url\":\"https:\/\/www.albanien.ch\/bb\/wp-content\/uploads\/2015\/06\/Lazarat-3-5.jpg\",\"contentUrl\":\"https:\/\/www.albanien.ch\/bb\/wp-content\/uploads\/2015\/06\/Lazarat-3-5.jpg\",\"width\":723,\"height\":480,\"caption\":\"Polizeiaktion in Lazarat im Juni 2014\"},{\"@type\":\"BreadcrumbList\",\"@id\":\"https:\/\/www.albanien.ch\/bb\/2015\/06\/gewalt-gegen-staatsmacht\/#breadcrumb\",\"itemListElement\":[{\"@type\":\"ListItem\",\"position\":1,\"name\":\"Startseite\",\"item\":\"https:\/\/www.albanien.ch\/bb\/\"},{\"@type\":\"ListItem\",\"position\":2,\"name\":\"Gewalt gegen Staatsmacht\"}]},{\"@type\":\"WebSite\",\"@id\":\"https:\/\/www.albanien.ch\/bb\/#website\",\"url\":\"https:\/\/www.albanien.ch\/bb\/\",\"name\":\"News by newsletter Albanien\",\"description\":\"Nachrichten aus und \u00fcber Albanien\",\"potentialAction\":[{\"@type\":\"SearchAction\",\"target\":{\"@type\":\"EntryPoint\",\"urlTemplate\":\"https:\/\/www.albanien.ch\/bb\/?s={search_term_string}\"},\"query-input\":{\"@type\":\"PropertyValueSpecification\",\"valueRequired\":true,\"valueName\":\"search_term_string\"}}],\"inLanguage\":\"de\"},{\"@type\":\"Person\",\"@id\":\"https:\/\/www.albanien.ch\/bb\/#\/schema\/person\/624292b9f7a7eaf439eaffe096d11c33\",\"name\":\"Lars\",\"description\":\"Redaktor und Betreiber von albanien.ch\",\"url\":\"https:\/\/www.albanien.ch\/bb\/author\/lars\/\"}]}<\/script>\n<!-- \/ Yoast SEO plugin. -->","yoast_head_json":{"title":"Gewalt gegen Staatsmacht - News by newsletter Albanien","robots":{"index":"index","follow":"follow","max-snippet":"max-snippet:-1","max-image-preview":"max-image-preview:large","max-video-preview":"max-video-preview:-1"},"canonical":"https:\/\/www.albanien.ch\/bb\/2015\/06\/gewalt-gegen-staatsmacht\/","og_locale":"de_DE","og_type":"article","og_title":"Gewalt gegen Staatsmacht - News by newsletter Albanien","og_description":"Polizist in Lazarat erschossen \u2013 Ausz\u00e4hlb\u00fcro im Norden gest\u00fcrmt","og_url":"https:\/\/www.albanien.ch\/bb\/2015\/06\/gewalt-gegen-staatsmacht\/","og_site_name":"News by newsletter Albanien","article_published_time":"2015-06-24T16:11:48+00:00","og_image":[{"width":723,"height":480,"url":"https:\/\/www.albanien.ch\/bb\/wp-content\/uploads\/2015\/06\/Lazarat-3-5.jpg","type":"image\/jpeg"}],"author":"Lars","twitter_card":"summary_large_image","twitter_misc":{"Verfasst von":"Lars","Gesch\u00e4tzte Lesezeit":"1\u00a0Minute"},"schema":{"@context":"https:\/\/schema.org","@graph":[{"@type":"WebPage","@id":"https:\/\/www.albanien.ch\/bb\/2015\/06\/gewalt-gegen-staatsmacht\/","url":"https:\/\/www.albanien.ch\/bb\/2015\/06\/gewalt-gegen-staatsmacht\/","name":"Gewalt gegen Staatsmacht - News by newsletter Albanien","isPartOf":{"@id":"https:\/\/www.albanien.ch\/bb\/#website"},"primaryImageOfPage":{"@id":"https:\/\/www.albanien.ch\/bb\/2015\/06\/gewalt-gegen-staatsmacht\/#primaryimage"},"image":{"@id":"https:\/\/www.albanien.ch\/bb\/2015\/06\/gewalt-gegen-staatsmacht\/#primaryimage"},"thumbnailUrl":"https:\/\/www.albanien.ch\/bb\/wp-content\/uploads\/2015\/06\/Lazarat-3-5.jpg","datePublished":"2015-06-24T16:11:48+00:00","author":{"@id":"https:\/\/www.albanien.ch\/bb\/#\/schema\/person\/624292b9f7a7eaf439eaffe096d11c33"},"breadcrumb":{"@id":"https:\/\/www.albanien.ch\/bb\/2015\/06\/gewalt-gegen-staatsmacht\/#breadcrumb"},"inLanguage":"de","potentialAction":[{"@type":"ReadAction","target":["https:\/\/www.albanien.ch\/bb\/2015\/06\/gewalt-gegen-staatsmacht\/"]}]},{"@type":"ImageObject","inLanguage":"de","@id":"https:\/\/www.albanien.ch\/bb\/2015\/06\/gewalt-gegen-staatsmacht\/#primaryimage","url":"https:\/\/www.albanien.ch\/bb\/wp-content\/uploads\/2015\/06\/Lazarat-3-5.jpg","contentUrl":"https:\/\/www.albanien.ch\/bb\/wp-content\/uploads\/2015\/06\/Lazarat-3-5.jpg","width":723,"height":480,"caption":"Polizeiaktion in Lazarat im Juni 2014"},{"@type":"BreadcrumbList","@id":"https:\/\/www.albanien.ch\/bb\/2015\/06\/gewalt-gegen-staatsmacht\/#breadcrumb","itemListElement":[{"@type":"ListItem","position":1,"name":"Startseite","item":"https:\/\/www.albanien.ch\/bb\/"},{"@type":"ListItem","position":2,"name":"Gewalt gegen Staatsmacht"}]},{"@type":"WebSite","@id":"https:\/\/www.albanien.ch\/bb\/#website","url":"https:\/\/www.albanien.ch\/bb\/","name":"News by newsletter Albanien","description":"Nachrichten aus und \u00fcber Albanien","potentialAction":[{"@type":"SearchAction","target":{"@type":"EntryPoint","urlTemplate":"https:\/\/www.albanien.ch\/bb\/?s={search_term_string}"},"query-input":{"@type":"PropertyValueSpecification","valueRequired":true,"valueName":"search_term_string"}}],"inLanguage":"de"},{"@type":"Person","@id":"https:\/\/www.albanien.ch\/bb\/#\/schema\/person\/624292b9f7a7eaf439eaffe096d11c33","name":"Lars","description":"Redaktor und Betreiber von albanien.ch","url":"https:\/\/www.albanien.ch\/bb\/author\/lars\/"}]}},"jetpack_publicize_connections":[],"jetpack_featured_media_url":"https:\/\/www.albanien.ch\/bb\/wp-content\/uploads\/2015\/06\/Lazarat-3-5.jpg","jetpack_sharing_enabled":true,"jetpack_likes_enabled":false,"_links":{"self":[{"href":"https:\/\/www.albanien.ch\/bb\/wp-json\/wp\/v2\/posts\/441","targetHints":{"allow":["GET"]}}],"collection":[{"href":"https:\/\/www.albanien.ch\/bb\/wp-json\/wp\/v2\/posts"}],"about":[{"href":"https:\/\/www.albanien.ch\/bb\/wp-json\/wp\/v2\/types\/post"}],"author":[{"embeddable":true,"href":"https:\/\/www.albanien.ch\/bb\/wp-json\/wp\/v2\/users\/1"}],"replies":[{"embeddable":true,"href":"https:\/\/www.albanien.ch\/bb\/wp-json\/wp\/v2\/comments?post=441"}],"version-history":[{"count":3,"href":"https:\/\/www.albanien.ch\/bb\/wp-json\/wp\/v2\/posts\/441\/revisions"}],"predecessor-version":[{"id":447,"href":"https:\/\/www.albanien.ch\/bb\/wp-json\/wp\/v2\/posts\/441\/revisions\/447"}],"wp:featuredmedia":[{"embeddable":true,"href":"https:\/\/www.albanien.ch\/bb\/wp-json\/wp\/v2\/media\/443"}],"wp:attachment":[{"href":"https:\/\/www.albanien.ch\/bb\/wp-json\/wp\/v2\/media?parent=441"}],"wp:term":[{"taxonomy":"category","embeddable":true,"href":"https:\/\/www.albanien.ch\/bb\/wp-json\/wp\/v2\/categories?post=441"},{"taxonomy":"post_tag","embeddable":true,"href":"https:\/\/www.albanien.ch\/bb\/wp-json\/wp\/v2\/tags?post=441"}],"curies":[{"name":"wp","href":"https:\/\/api.w.org\/{rel}","templated":true}]}}