{"id":432,"date":"2015-06-23T23:24:21","date_gmt":"2015-06-23T21:24:21","guid":{"rendered":"https:\/\/www.albanien.ch\/bb\/?p=432"},"modified":"2015-06-23T23:51:24","modified_gmt":"2015-06-23T21:51:24","slug":"unaufgeregte-lokalwahlen","status":"publish","type":"post","link":"https:\/\/www.albanien.ch\/bb\/2015\/06\/unaufgeregte-lokalwahlen\/","title":{"rendered":"Unaufgeregte Lokalwahlen"},"content":{"rendered":"<h4>In Albanien wurden am Sonntag auf Lokalebene B\u00fcrgermeister und Stadtparlamente gew\u00e4hlt. Von kleinen Ausnahmen abgesehen verliefen sie problemlos und ruhig. Zwei Tage sp\u00e4ter liegen jetzt Ergebnisse vor. In Tirana gewann der Sozialist Erion Veliaj.<\/h4>\n<p><!--more--><\/p>\n<div id=\"attachment_434\" style=\"width: 149px\" class=\"wp-caption alignleft\"><a href=\"https:\/\/www.albanien.ch\/bb\/2015\/06\/unaufgeregte-lokalwahlen\/lokalwahlen2015\/\" rel=\"attachment wp-att-434\"><img loading=\"lazy\" decoding=\"async\" aria-describedby=\"caption-attachment-434\" class=\"size-medium wp-image-434\" src=\"https:\/\/www.albanien.ch\/bb\/wp-content\/uploads\/2015\/06\/Lokalwahlen2015-139x300.png\" alt=\"Ergebnisse Lokalwahlen 2015\" width=\"139\" height=\"300\" srcset=\"https:\/\/www.albanien.ch\/bb\/wp-content\/uploads\/2015\/06\/Lokalwahlen2015-139x300.png 139w, https:\/\/www.albanien.ch\/bb\/wp-content\/uploads\/2015\/06\/Lokalwahlen2015.png 291w\" sizes=\"auto, (max-width: 139px) 100vw, 139px\" \/><\/a><p id=\"caption-attachment-434\" class=\"wp-caption-text\">Ergebnisse Lokalwahlen 2015<\/p><\/div>\n<p>Die auf nationaler Ebene regierenden Sozialisten und ihre Koalitionspartner k\u00f6nnen den Urnengang als Erfolg verbuchen: Sie haben in 45 von 61 Gemeinden gewonnen. Ihr wichtigster Erfolg ist die \u00bbR\u00fcckeroberung\u00ab Tiranas, wo vor vier Jahren knapp die Demokraten gewonnen haben und mit rund 20 Prozent der Einwohner des Landes am meisten W\u00e4hler wohnen. Erion Veliaj wird neuer B\u00fcrgermeister der Hauptstadt; der Begr\u00fcnder der Protestbewegung \u00bbMjaft!\u00ab und aktuelle Minister f\u00fcr Jugend und Soziales konnte einen eher unbekannten Gegenkandidaten schlagen.<\/p>\n<p>Ein positives Zeichen ist eine gewisse Entflechtung der politischen Lager: Die Demokraten haben auch im Links dominierten S\u00fcden Erfolge verzeichnet, w\u00e4hrend die Sozialisten in zahlreichen Gemeinden des traditionell rechts stehenden Nordens des Landes gewinnen konnten.<\/p>\n<p>Die Wahlen und vor allem der Wahlkampf sind ruhiger verlaufen als fr\u00fchere \u2013 die Stimmbeteiligung war aber auch historisch tief. Die internationalen Wahlbeobachter kritisierten lediglich, dass zum Teil der politische Wille zur Umsetzung des Wahlgesetzes gefehlt habe und dass einige Institutionen zu stark politisch beeinflusst seien. Im Allgemeinen erkl\u00e4rten die OSZE jedoch, dass es sich um eine freie Wahl und um einen ruhigen Wahlkampf gehandelt habe.<\/p>\n<p>Kritik kam von der Opposition, die verurteilte, dass die Regierung Druck auf die Verwaltung und die Medien ausge\u00fcbt habe und sich zu stark im Wahlkampf engagiert habe. Weiter Erhob Oppositionsf\u00fchrer Lulzim Basha, der nicht zur Wiederwahl in Tirana angetreten ist, den Vorwurf, es seien Identit\u00e4tskarten gef\u00e4lscht worden und W\u00e4hler in andere Gemeinden verschoben worden.<\/p>\n<div id=\"attachment_431\" style=\"width: 310px\" class=\"wp-caption alignright\"><a href=\"https:\/\/www.albanien.ch\/bb\/2015\/06\/unaufgeregte-lokalwahlen\/osce_wahlen_2015\/\" rel=\"attachment wp-att-431\"><img loading=\"lazy\" decoding=\"async\" aria-describedby=\"caption-attachment-431\" class=\"size-medium wp-image-431\" src=\"https:\/\/www.albanien.ch\/bb\/wp-content\/uploads\/2015\/06\/OSCE_Wahlen_2015-300x225.jpg\" alt=\"Lokalwahlen in Albanien: Eine B\u00fcrgerin gibt in einer Schule in Tirana ihre Stimme ab \u2013 Bild: OSCE\/Thomas Rymer \" width=\"300\" height=\"225\" srcset=\"https:\/\/www.albanien.ch\/bb\/wp-content\/uploads\/2015\/06\/OSCE_Wahlen_2015-300x225.jpg 300w, https:\/\/www.albanien.ch\/bb\/wp-content\/uploads\/2015\/06\/OSCE_Wahlen_2015.jpg 940w\" sizes=\"auto, (max-width: 300px) 100vw, 300px\" \/><\/a><p id=\"caption-attachment-431\" class=\"wp-caption-text\">Lokalwahlen in Albanien: B\u00fcrger geben in einer Schule in Tirana ihre Stimmen ab \u2013 Bild: OSCE\/Thomas Rymer<\/p><\/div>\n<p>Mit diesen Wahlen geht eine einschneidende Ver\u00e4nderung in der territorialen Gliederung einher: Die Zahl der 373 Gemeinden und St\u00e4dte wird auf neu 61 St\u00e4dte (\u00bbbaskhia\u00ab) reduziert (vgl. <a href=\"https:\/\/www.albanien.ch\/bb\/2014\/08\/grosse-gemeindefusion\/\">Bericht vom 4. August 2014<\/a>). Ziel war die St\u00e4rkung der lokalen Ebene durch Schaffung von einigermassen gleichgrossen Einheiten, die genug gross sind, um Einnahmen zu generieren und ihre Aufgaben zu erf\u00fcllen. Somit war auch der Ausgang schwer vorauszusagen und sind die Ergebnisse schwierig zu interpretieren.<\/p>\n<p style=\"text-align: right;\"><em>(nlA)<\/em><\/p>\n","protected":false},"excerpt":{"rendered":"<p>In Albanien wurden am Sonntag auf Lokalebene B\u00fcrgermeister und Stadtparlamente gew\u00e4hlt. Von kleinen Ausnahmen abgesehen verliefen sie problemlos und ruhig. Zwei Tage sp\u00e4ter liegen jetzt Ergebnisse vor. In Tirana gewann der Sozialist Erion Veliaj.<\/p>\n","protected":false},"author":1,"featured_media":433,"comment_status":"open","ping_status":"open","sticky":false,"template":"","format":"standard","meta":{"jetpack_post_was_ever_published":false,"_jetpack_newsletter_access":"","_jetpack_dont_email_post_to_subs":false,"_jetpack_newsletter_tier_id":0,"_jetpack_memberships_contains_paywalled_content":false,"_jetpack_memberships_contains_paid_content":false,"footnotes":"","jetpack_publicize_message":"","jetpack_publicize_feature_enabled":true,"jetpack_social_post_already_shared":true,"jetpack_social_options":{"image_generator_settings":{"template":"highway","default_image_id":0,"font":"","enabled":false},"version":2}},"categories":[2],"tags":[32,9,72,33,8,10,11,30],"class_list":["post-432","post","type-post","status-publish","format-standard","has-post-thumbnail","hentry","category-politik","tag-demokratische-partei","tag-gemeinden","tag-lulzim-basha","tag-sozialistische-partei","tag-staedte","tag-verwaltung","tag-verwaltungsgliederung","tag-wahlen"],"yoast_head":"<!-- This site is optimized with the Yoast SEO plugin v25.9 - https:\/\/yoast.com\/wordpress\/plugins\/seo\/ -->\n<title>Unaufgeregte Lokalwahlen - News by newsletter Albanien<\/title>\n<meta name=\"robots\" content=\"index, follow, max-snippet:-1, max-image-preview:large, max-video-preview:-1\" \/>\n<link rel=\"canonical\" href=\"https:\/\/www.albanien.ch\/bb\/2015\/06\/unaufgeregte-lokalwahlen\/\" \/>\n<meta property=\"og:locale\" content=\"de_DE\" \/>\n<meta property=\"og:type\" content=\"article\" \/>\n<meta property=\"og:title\" content=\"Unaufgeregte Lokalwahlen - News by newsletter Albanien\" \/>\n<meta property=\"og:description\" content=\"In Albanien wurden am Sonntag auf Lokalebene B\u00fcrgermeister und Stadtparlamente gew\u00e4hlt. Von kleinen Ausnahmen abgesehen verliefen sie problemlos und ruhig. Zwei Tage sp\u00e4ter liegen jetzt Ergebnisse vor. In Tirana gewann der Sozialist Erion Veliaj.\" \/>\n<meta property=\"og:url\" content=\"https:\/\/www.albanien.ch\/bb\/2015\/06\/unaufgeregte-lokalwahlen\/\" \/>\n<meta property=\"og:site_name\" content=\"News by newsletter Albanien\" \/>\n<meta property=\"article:published_time\" content=\"2015-06-23T21:24:21+00:00\" \/>\n<meta property=\"article:modified_time\" content=\"2015-06-23T21:51:24+00:00\" \/>\n<meta property=\"og:image\" content=\"https:\/\/www.albanien.ch\/bb\/wp-content\/uploads\/2015\/06\/OSCE_Wahlen_2015_v2.jpg\" \/>\n\t<meta property=\"og:image:width\" content=\"940\" \/>\n\t<meta property=\"og:image:height\" content=\"393\" \/>\n\t<meta property=\"og:image:type\" content=\"image\/jpeg\" \/>\n<meta name=\"author\" content=\"Lars\" \/>\n<meta name=\"twitter:card\" content=\"summary_large_image\" \/>\n<meta name=\"twitter:label1\" content=\"Verfasst von\" \/>\n\t<meta name=\"twitter:data1\" content=\"Lars\" \/>\n\t<meta name=\"twitter:label2\" content=\"Gesch\u00e4tzte Lesezeit\" \/>\n\t<meta name=\"twitter:data2\" content=\"2\u00a0Minuten\" \/>\n<script type=\"application\/ld+json\" class=\"yoast-schema-graph\">{\"@context\":\"https:\/\/schema.org\",\"@graph\":[{\"@type\":\"WebPage\",\"@id\":\"https:\/\/www.albanien.ch\/bb\/2015\/06\/unaufgeregte-lokalwahlen\/\",\"url\":\"https:\/\/www.albanien.ch\/bb\/2015\/06\/unaufgeregte-lokalwahlen\/\",\"name\":\"Unaufgeregte Lokalwahlen - News by newsletter Albanien\",\"isPartOf\":{\"@id\":\"https:\/\/www.albanien.ch\/bb\/#website\"},\"primaryImageOfPage\":{\"@id\":\"https:\/\/www.albanien.ch\/bb\/2015\/06\/unaufgeregte-lokalwahlen\/#primaryimage\"},\"image\":{\"@id\":\"https:\/\/www.albanien.ch\/bb\/2015\/06\/unaufgeregte-lokalwahlen\/#primaryimage\"},\"thumbnailUrl\":\"https:\/\/www.albanien.ch\/bb\/wp-content\/uploads\/2015\/06\/OSCE_Wahlen_2015_v2.jpg\",\"datePublished\":\"2015-06-23T21:24:21+00:00\",\"dateModified\":\"2015-06-23T21:51:24+00:00\",\"author\":{\"@id\":\"https:\/\/www.albanien.ch\/bb\/#\/schema\/person\/624292b9f7a7eaf439eaffe096d11c33\"},\"breadcrumb\":{\"@id\":\"https:\/\/www.albanien.ch\/bb\/2015\/06\/unaufgeregte-lokalwahlen\/#breadcrumb\"},\"inLanguage\":\"de\",\"potentialAction\":[{\"@type\":\"ReadAction\",\"target\":[\"https:\/\/www.albanien.ch\/bb\/2015\/06\/unaufgeregte-lokalwahlen\/\"]}]},{\"@type\":\"ImageObject\",\"inLanguage\":\"de\",\"@id\":\"https:\/\/www.albanien.ch\/bb\/2015\/06\/unaufgeregte-lokalwahlen\/#primaryimage\",\"url\":\"https:\/\/www.albanien.ch\/bb\/wp-content\/uploads\/2015\/06\/OSCE_Wahlen_2015_v2.jpg\",\"contentUrl\":\"https:\/\/www.albanien.ch\/bb\/wp-content\/uploads\/2015\/06\/OSCE_Wahlen_2015_v2.jpg\",\"width\":940,\"height\":393,\"caption\":\"Lokalwahlen in Albanien: Eine B\u00fcrgerin gibt in einer Schule in Tirana ihre Stimme ab \u2013 Bild: OSCE\/Thomas Rymer\"},{\"@type\":\"BreadcrumbList\",\"@id\":\"https:\/\/www.albanien.ch\/bb\/2015\/06\/unaufgeregte-lokalwahlen\/#breadcrumb\",\"itemListElement\":[{\"@type\":\"ListItem\",\"position\":1,\"name\":\"Startseite\",\"item\":\"https:\/\/www.albanien.ch\/bb\/\"},{\"@type\":\"ListItem\",\"position\":2,\"name\":\"Unaufgeregte Lokalwahlen\"}]},{\"@type\":\"WebSite\",\"@id\":\"https:\/\/www.albanien.ch\/bb\/#website\",\"url\":\"https:\/\/www.albanien.ch\/bb\/\",\"name\":\"News by newsletter Albanien\",\"description\":\"Nachrichten aus und \u00fcber Albanien\",\"potentialAction\":[{\"@type\":\"SearchAction\",\"target\":{\"@type\":\"EntryPoint\",\"urlTemplate\":\"https:\/\/www.albanien.ch\/bb\/?s={search_term_string}\"},\"query-input\":{\"@type\":\"PropertyValueSpecification\",\"valueRequired\":true,\"valueName\":\"search_term_string\"}}],\"inLanguage\":\"de\"},{\"@type\":\"Person\",\"@id\":\"https:\/\/www.albanien.ch\/bb\/#\/schema\/person\/624292b9f7a7eaf439eaffe096d11c33\",\"name\":\"Lars\",\"description\":\"Redaktor und Betreiber von albanien.ch\",\"url\":\"https:\/\/www.albanien.ch\/bb\/author\/lars\/\"}]}<\/script>\n<!-- \/ Yoast SEO plugin. -->","yoast_head_json":{"title":"Unaufgeregte Lokalwahlen - News by newsletter Albanien","robots":{"index":"index","follow":"follow","max-snippet":"max-snippet:-1","max-image-preview":"max-image-preview:large","max-video-preview":"max-video-preview:-1"},"canonical":"https:\/\/www.albanien.ch\/bb\/2015\/06\/unaufgeregte-lokalwahlen\/","og_locale":"de_DE","og_type":"article","og_title":"Unaufgeregte Lokalwahlen - News by newsletter Albanien","og_description":"In Albanien wurden am Sonntag auf Lokalebene B\u00fcrgermeister und Stadtparlamente gew\u00e4hlt. Von kleinen Ausnahmen abgesehen verliefen sie problemlos und ruhig. Zwei Tage sp\u00e4ter liegen jetzt Ergebnisse vor. In Tirana gewann der Sozialist Erion Veliaj.","og_url":"https:\/\/www.albanien.ch\/bb\/2015\/06\/unaufgeregte-lokalwahlen\/","og_site_name":"News by newsletter Albanien","article_published_time":"2015-06-23T21:24:21+00:00","article_modified_time":"2015-06-23T21:51:24+00:00","og_image":[{"width":940,"height":393,"url":"https:\/\/www.albanien.ch\/bb\/wp-content\/uploads\/2015\/06\/OSCE_Wahlen_2015_v2.jpg","type":"image\/jpeg"}],"author":"Lars","twitter_card":"summary_large_image","twitter_misc":{"Verfasst von":"Lars","Gesch\u00e4tzte Lesezeit":"2\u00a0Minuten"},"schema":{"@context":"https:\/\/schema.org","@graph":[{"@type":"WebPage","@id":"https:\/\/www.albanien.ch\/bb\/2015\/06\/unaufgeregte-lokalwahlen\/","url":"https:\/\/www.albanien.ch\/bb\/2015\/06\/unaufgeregte-lokalwahlen\/","name":"Unaufgeregte Lokalwahlen - News by newsletter Albanien","isPartOf":{"@id":"https:\/\/www.albanien.ch\/bb\/#website"},"primaryImageOfPage":{"@id":"https:\/\/www.albanien.ch\/bb\/2015\/06\/unaufgeregte-lokalwahlen\/#primaryimage"},"image":{"@id":"https:\/\/www.albanien.ch\/bb\/2015\/06\/unaufgeregte-lokalwahlen\/#primaryimage"},"thumbnailUrl":"https:\/\/www.albanien.ch\/bb\/wp-content\/uploads\/2015\/06\/OSCE_Wahlen_2015_v2.jpg","datePublished":"2015-06-23T21:24:21+00:00","dateModified":"2015-06-23T21:51:24+00:00","author":{"@id":"https:\/\/www.albanien.ch\/bb\/#\/schema\/person\/624292b9f7a7eaf439eaffe096d11c33"},"breadcrumb":{"@id":"https:\/\/www.albanien.ch\/bb\/2015\/06\/unaufgeregte-lokalwahlen\/#breadcrumb"},"inLanguage":"de","potentialAction":[{"@type":"ReadAction","target":["https:\/\/www.albanien.ch\/bb\/2015\/06\/unaufgeregte-lokalwahlen\/"]}]},{"@type":"ImageObject","inLanguage":"de","@id":"https:\/\/www.albanien.ch\/bb\/2015\/06\/unaufgeregte-lokalwahlen\/#primaryimage","url":"https:\/\/www.albanien.ch\/bb\/wp-content\/uploads\/2015\/06\/OSCE_Wahlen_2015_v2.jpg","contentUrl":"https:\/\/www.albanien.ch\/bb\/wp-content\/uploads\/2015\/06\/OSCE_Wahlen_2015_v2.jpg","width":940,"height":393,"caption":"Lokalwahlen in Albanien: Eine B\u00fcrgerin gibt in einer Schule in Tirana ihre Stimme ab \u2013 Bild: OSCE\/Thomas Rymer"},{"@type":"BreadcrumbList","@id":"https:\/\/www.albanien.ch\/bb\/2015\/06\/unaufgeregte-lokalwahlen\/#breadcrumb","itemListElement":[{"@type":"ListItem","position":1,"name":"Startseite","item":"https:\/\/www.albanien.ch\/bb\/"},{"@type":"ListItem","position":2,"name":"Unaufgeregte Lokalwahlen"}]},{"@type":"WebSite","@id":"https:\/\/www.albanien.ch\/bb\/#website","url":"https:\/\/www.albanien.ch\/bb\/","name":"News by newsletter Albanien","description":"Nachrichten aus und \u00fcber Albanien","potentialAction":[{"@type":"SearchAction","target":{"@type":"EntryPoint","urlTemplate":"https:\/\/www.albanien.ch\/bb\/?s={search_term_string}"},"query-input":{"@type":"PropertyValueSpecification","valueRequired":true,"valueName":"search_term_string"}}],"inLanguage":"de"},{"@type":"Person","@id":"https:\/\/www.albanien.ch\/bb\/#\/schema\/person\/624292b9f7a7eaf439eaffe096d11c33","name":"Lars","description":"Redaktor und Betreiber von albanien.ch","url":"https:\/\/www.albanien.ch\/bb\/author\/lars\/"}]}},"jetpack_publicize_connections":[],"jetpack_featured_media_url":"https:\/\/www.albanien.ch\/bb\/wp-content\/uploads\/2015\/06\/OSCE_Wahlen_2015_v2.jpg","jetpack_sharing_enabled":true,"jetpack_likes_enabled":false,"_links":{"self":[{"href":"https:\/\/www.albanien.ch\/bb\/wp-json\/wp\/v2\/posts\/432","targetHints":{"allow":["GET"]}}],"collection":[{"href":"https:\/\/www.albanien.ch\/bb\/wp-json\/wp\/v2\/posts"}],"about":[{"href":"https:\/\/www.albanien.ch\/bb\/wp-json\/wp\/v2\/types\/post"}],"author":[{"embeddable":true,"href":"https:\/\/www.albanien.ch\/bb\/wp-json\/wp\/v2\/users\/1"}],"replies":[{"embeddable":true,"href":"https:\/\/www.albanien.ch\/bb\/wp-json\/wp\/v2\/comments?post=432"}],"version-history":[{"count":6,"href":"https:\/\/www.albanien.ch\/bb\/wp-json\/wp\/v2\/posts\/432\/revisions"}],"predecessor-version":[{"id":440,"href":"https:\/\/www.albanien.ch\/bb\/wp-json\/wp\/v2\/posts\/432\/revisions\/440"}],"wp:featuredmedia":[{"embeddable":true,"href":"https:\/\/www.albanien.ch\/bb\/wp-json\/wp\/v2\/media\/433"}],"wp:attachment":[{"href":"https:\/\/www.albanien.ch\/bb\/wp-json\/wp\/v2\/media?parent=432"}],"wp:term":[{"taxonomy":"category","embeddable":true,"href":"https:\/\/www.albanien.ch\/bb\/wp-json\/wp\/v2\/categories?post=432"},{"taxonomy":"post_tag","embeddable":true,"href":"https:\/\/www.albanien.ch\/bb\/wp-json\/wp\/v2\/tags?post=432"}],"curies":[{"name":"wp","href":"https:\/\/api.w.org\/{rel}","templated":true}]}}