{"id":427,"date":"2015-06-22T01:21:21","date_gmt":"2015-06-21T23:21:21","guid":{"rendered":"https:\/\/www.albanien.ch\/bb\/?p=427"},"modified":"2015-06-24T18:18:24","modified_gmt":"2015-06-24T16:18:24","slug":"lokalwahlen","status":"publish","type":"post","link":"https:\/\/www.albanien.ch\/bb\/2015\/06\/lokalwahlen\/","title":{"rendered":"Lokalwahlen"},"content":{"rendered":"<h4>Gemeinden neu gemischelt &#8211; erste Kurzinfos<\/h4>\n<p><!--more--><\/p>\n<p>In Albanien wurde heute Sonntag auf Lokalebene B\u00fcrgermeister und Stadtr\u00e4te gew\u00e4hlt. Erste Resultate liegen erst aus kleinen Gemeinden vor \u2013 weitere Informationen folgen <a href=\"https:\/\/www.albanien.ch\/bb\/2015\/06\/unaufgeregte-lokalwahlen\/\">hier<\/a>.<\/p>\n<p>Die Wahlen und vor allem der Wahlkampf sind ruhiger verlaufen als auch schon. Trotz vieler inl\u00e4ndischer und internationaler Wahlbeobachter gibt es aber doch wieder Vorw\u00fcrfe, dass es an diversene Orten zu Manipulationen gekommen sei.<\/p>\n<p>Mit diesen Wahlen geht eine einschneidende Ver\u00e4nderung in der territorialen Gliederung einher: Die Zahl der 373 Gemeinden und St\u00e4dte wird auf neu 61 St\u00e4dte (\u00bbbaskhia\u00ab) reduziert (vgl. <a href=\"https:\/\/www.albanien.ch\/bb\/2014\/08\/grosse-gemeindefusion\/\">Bericht vom 4. August 2014<\/a>). Somit war auch der Ausgang schwer vorauszusagen, wobei Beobachter den auf nationaler Ebene regierenden Sozialisten und ihren Koalitionspartnern gute Chancen aus. Besonderes Augenmerk wird nat\u00fcrlich auf den Ausgang der Wahlen in Tirana gelegt \u2013 mit Abstand die gr\u00f6sste Gemeinde des Landes. Dort k\u00f6nnte es beim B\u00fcrgermeister zu einem Machtwechsel kommen nach dem \u00e4ussersten knappen und umstrittenen Ausgang vor vier Jahren.<\/p>\n","protected":false},"excerpt":{"rendered":"<p>Gemeinden neu gemischelt &#8211; erste Kurzinfos<\/p>\n","protected":false},"author":1,"featured_media":0,"comment_status":"open","ping_status":"open","sticky":false,"template":"","format":"standard","meta":{"jetpack_post_was_ever_published":false,"_jetpack_newsletter_access":"","_jetpack_dont_email_post_to_subs":false,"_jetpack_newsletter_tier_id":0,"_jetpack_memberships_contains_paywalled_content":false,"_jetpack_memberships_contains_paid_content":false,"footnotes":"","jetpack_publicize_message":"","jetpack_publicize_feature_enabled":true,"jetpack_social_post_already_shared":true,"jetpack_social_options":{"image_generator_settings":{"template":"highway","default_image_id":0,"font":"","enabled":false},"version":2}},"categories":[2],"tags":[30],"class_list":["post-427","post","type-post","status-publish","format-standard","hentry","category-politik","tag-wahlen"],"yoast_head":"<!-- This site is optimized with the Yoast SEO plugin v25.9 - https:\/\/yoast.com\/wordpress\/plugins\/seo\/ -->\n<title>Lokalwahlen - News by newsletter Albanien<\/title>\n<meta name=\"robots\" content=\"index, follow, max-snippet:-1, max-image-preview:large, max-video-preview:-1\" \/>\n<link rel=\"canonical\" href=\"https:\/\/www.albanien.ch\/bb\/2015\/06\/lokalwahlen\/\" \/>\n<meta property=\"og:locale\" content=\"de_DE\" \/>\n<meta property=\"og:type\" content=\"article\" \/>\n<meta property=\"og:title\" content=\"Lokalwahlen - News by newsletter Albanien\" \/>\n<meta property=\"og:description\" content=\"Gemeinden neu gemischelt &#8211; erste Kurzinfos\" \/>\n<meta property=\"og:url\" content=\"https:\/\/www.albanien.ch\/bb\/2015\/06\/lokalwahlen\/\" \/>\n<meta property=\"og:site_name\" content=\"News by newsletter Albanien\" \/>\n<meta property=\"article:published_time\" content=\"2015-06-21T23:21:21+00:00\" \/>\n<meta property=\"article:modified_time\" content=\"2015-06-24T16:18:24+00:00\" \/>\n<meta name=\"author\" content=\"Lars\" \/>\n<meta name=\"twitter:card\" content=\"summary_large_image\" \/>\n<meta name=\"twitter:label1\" content=\"Verfasst von\" \/>\n\t<meta name=\"twitter:data1\" content=\"Lars\" \/>\n\t<meta name=\"twitter:label2\" content=\"Gesch\u00e4tzte Lesezeit\" \/>\n\t<meta name=\"twitter:data2\" content=\"1\u00a0Minute\" \/>\n<script type=\"application\/ld+json\" class=\"yoast-schema-graph\">{\"@context\":\"https:\/\/schema.org\",\"@graph\":[{\"@type\":\"WebPage\",\"@id\":\"https:\/\/www.albanien.ch\/bb\/2015\/06\/lokalwahlen\/\",\"url\":\"https:\/\/www.albanien.ch\/bb\/2015\/06\/lokalwahlen\/\",\"name\":\"Lokalwahlen - News by newsletter Albanien\",\"isPartOf\":{\"@id\":\"https:\/\/www.albanien.ch\/bb\/#website\"},\"datePublished\":\"2015-06-21T23:21:21+00:00\",\"dateModified\":\"2015-06-24T16:18:24+00:00\",\"author\":{\"@id\":\"https:\/\/www.albanien.ch\/bb\/#\/schema\/person\/624292b9f7a7eaf439eaffe096d11c33\"},\"breadcrumb\":{\"@id\":\"https:\/\/www.albanien.ch\/bb\/2015\/06\/lokalwahlen\/#breadcrumb\"},\"inLanguage\":\"de\",\"potentialAction\":[{\"@type\":\"ReadAction\",\"target\":[\"https:\/\/www.albanien.ch\/bb\/2015\/06\/lokalwahlen\/\"]}]},{\"@type\":\"BreadcrumbList\",\"@id\":\"https:\/\/www.albanien.ch\/bb\/2015\/06\/lokalwahlen\/#breadcrumb\",\"itemListElement\":[{\"@type\":\"ListItem\",\"position\":1,\"name\":\"Startseite\",\"item\":\"https:\/\/www.albanien.ch\/bb\/\"},{\"@type\":\"ListItem\",\"position\":2,\"name\":\"Lokalwahlen\"}]},{\"@type\":\"WebSite\",\"@id\":\"https:\/\/www.albanien.ch\/bb\/#website\",\"url\":\"https:\/\/www.albanien.ch\/bb\/\",\"name\":\"News by newsletter Albanien\",\"description\":\"Nachrichten aus und \u00fcber Albanien\",\"potentialAction\":[{\"@type\":\"SearchAction\",\"target\":{\"@type\":\"EntryPoint\",\"urlTemplate\":\"https:\/\/www.albanien.ch\/bb\/?s={search_term_string}\"},\"query-input\":{\"@type\":\"PropertyValueSpecification\",\"valueRequired\":true,\"valueName\":\"search_term_string\"}}],\"inLanguage\":\"de\"},{\"@type\":\"Person\",\"@id\":\"https:\/\/www.albanien.ch\/bb\/#\/schema\/person\/624292b9f7a7eaf439eaffe096d11c33\",\"name\":\"Lars\",\"description\":\"Redaktor und Betreiber von albanien.ch\",\"url\":\"https:\/\/www.albanien.ch\/bb\/author\/lars\/\"}]}<\/script>\n<!-- \/ Yoast SEO plugin. -->","yoast_head_json":{"title":"Lokalwahlen - News by newsletter Albanien","robots":{"index":"index","follow":"follow","max-snippet":"max-snippet:-1","max-image-preview":"max-image-preview:large","max-video-preview":"max-video-preview:-1"},"canonical":"https:\/\/www.albanien.ch\/bb\/2015\/06\/lokalwahlen\/","og_locale":"de_DE","og_type":"article","og_title":"Lokalwahlen - News by newsletter Albanien","og_description":"Gemeinden neu gemischelt &#8211; erste Kurzinfos","og_url":"https:\/\/www.albanien.ch\/bb\/2015\/06\/lokalwahlen\/","og_site_name":"News by newsletter Albanien","article_published_time":"2015-06-21T23:21:21+00:00","article_modified_time":"2015-06-24T16:18:24+00:00","author":"Lars","twitter_card":"summary_large_image","twitter_misc":{"Verfasst von":"Lars","Gesch\u00e4tzte Lesezeit":"1\u00a0Minute"},"schema":{"@context":"https:\/\/schema.org","@graph":[{"@type":"WebPage","@id":"https:\/\/www.albanien.ch\/bb\/2015\/06\/lokalwahlen\/","url":"https:\/\/www.albanien.ch\/bb\/2015\/06\/lokalwahlen\/","name":"Lokalwahlen - News by newsletter Albanien","isPartOf":{"@id":"https:\/\/www.albanien.ch\/bb\/#website"},"datePublished":"2015-06-21T23:21:21+00:00","dateModified":"2015-06-24T16:18:24+00:00","author":{"@id":"https:\/\/www.albanien.ch\/bb\/#\/schema\/person\/624292b9f7a7eaf439eaffe096d11c33"},"breadcrumb":{"@id":"https:\/\/www.albanien.ch\/bb\/2015\/06\/lokalwahlen\/#breadcrumb"},"inLanguage":"de","potentialAction":[{"@type":"ReadAction","target":["https:\/\/www.albanien.ch\/bb\/2015\/06\/lokalwahlen\/"]}]},{"@type":"BreadcrumbList","@id":"https:\/\/www.albanien.ch\/bb\/2015\/06\/lokalwahlen\/#breadcrumb","itemListElement":[{"@type":"ListItem","position":1,"name":"Startseite","item":"https:\/\/www.albanien.ch\/bb\/"},{"@type":"ListItem","position":2,"name":"Lokalwahlen"}]},{"@type":"WebSite","@id":"https:\/\/www.albanien.ch\/bb\/#website","url":"https:\/\/www.albanien.ch\/bb\/","name":"News by newsletter Albanien","description":"Nachrichten aus und \u00fcber Albanien","potentialAction":[{"@type":"SearchAction","target":{"@type":"EntryPoint","urlTemplate":"https:\/\/www.albanien.ch\/bb\/?s={search_term_string}"},"query-input":{"@type":"PropertyValueSpecification","valueRequired":true,"valueName":"search_term_string"}}],"inLanguage":"de"},{"@type":"Person","@id":"https:\/\/www.albanien.ch\/bb\/#\/schema\/person\/624292b9f7a7eaf439eaffe096d11c33","name":"Lars","description":"Redaktor und Betreiber von albanien.ch","url":"https:\/\/www.albanien.ch\/bb\/author\/lars\/"}]}},"jetpack_publicize_connections":[],"jetpack_featured_media_url":"","jetpack_sharing_enabled":true,"jetpack_likes_enabled":false,"_links":{"self":[{"href":"https:\/\/www.albanien.ch\/bb\/wp-json\/wp\/v2\/posts\/427","targetHints":{"allow":["GET"]}}],"collection":[{"href":"https:\/\/www.albanien.ch\/bb\/wp-json\/wp\/v2\/posts"}],"about":[{"href":"https:\/\/www.albanien.ch\/bb\/wp-json\/wp\/v2\/types\/post"}],"author":[{"embeddable":true,"href":"https:\/\/www.albanien.ch\/bb\/wp-json\/wp\/v2\/users\/1"}],"replies":[{"embeddable":true,"href":"https:\/\/www.albanien.ch\/bb\/wp-json\/wp\/v2\/comments?post=427"}],"version-history":[{"count":2,"href":"https:\/\/www.albanien.ch\/bb\/wp-json\/wp\/v2\/posts\/427\/revisions"}],"predecessor-version":[{"id":448,"href":"https:\/\/www.albanien.ch\/bb\/wp-json\/wp\/v2\/posts\/427\/revisions\/448"}],"wp:attachment":[{"href":"https:\/\/www.albanien.ch\/bb\/wp-json\/wp\/v2\/media?parent=427"}],"wp:term":[{"taxonomy":"category","embeddable":true,"href":"https:\/\/www.albanien.ch\/bb\/wp-json\/wp\/v2\/categories?post=427"},{"taxonomy":"post_tag","embeddable":true,"href":"https:\/\/www.albanien.ch\/bb\/wp-json\/wp\/v2\/tags?post=427"}],"curies":[{"name":"wp","href":"https:\/\/api.w.org\/{rel}","templated":true}]}}