{"id":410,"date":"2015-06-02T22:41:29","date_gmt":"2015-06-02T20:41:29","guid":{"rendered":"https:\/\/www.albanien.ch\/bb\/?p=410"},"modified":"2015-06-10T08:53:42","modified_gmt":"2015-06-10T06:53:42","slug":"jahreskonferenz-der-schweizer-ostzusammenarbeit","status":"publish","type":"post","link":"https:\/\/www.albanien.ch\/bb\/2015\/06\/jahreskonferenz-der-schweizer-ostzusammenarbeit\/","title":{"rendered":"Jahreskonferenz der Schweizer Ostzusammenarbeit"},"content":{"rendered":"<h4>Unter dem Titel \u00bbDer Westbalkan im Wandel \u2013 starke Gemeinden f\u00fcr eine nachhaltige Entwicklung\u00ab stellten das DEZA und das SECO am 29. Mai ihre j\u00fcngsten Initiativen und Projekte auf dem Westbalkan vor.<\/h4>\n<p><!--more--><\/p>\n<h6>Von <a href=\"https:\/\/www.albanien.ch\/bb\/author\/Christian-Hadorn\/\">Christian Hadorn<\/a>, Chevroux \u2013 Mitglied Vorstand Gesellschaft Schweiz-Albanien<\/h6>\n<p>Zu den 660 angemeldeten Teilnehmern und Teilnehmerinnen aus Politik, Verwaltung und NGOs gesellten sich fast ebenso viele interessierte Pension\u00e4re und Sch\u00fclerinnen, sodass am letzten Freitag die <span class=\"text_exposed_show\">Sitze des sch\u00f6nen Saals des Kongresshauses und das Buffet im Parterre sich eines regen Zuspruchs erfreuen durften. <\/span><\/p>\n<h5><span class=\"text_exposed_show\">Recyclingprojekt in Shkodra<\/span><\/h5>\n<p><span class=\"text_exposed_show\">Mit dem Interview mit Valbona Karaka\u00e7i, Projektleiterin bei Helvetas Swiss Intercooperation f\u00fcr das Programm \u00bbDezentralisierung und lokale Entwicklung (DLDP)\u00ab, einer kurzen Filmdokumentation zu einem Recyclingprojekt in Shkodra und der Podiumsdiskussion mit Holger Tausch, dem Direktor des Schweizer Kooperationsb\u00fcros in Tirana, bekam das Publikum auch einen spezifisch albanischen Einblick in die aktuellen Initiativen zur Verbesserung kommunaler Dienstleistungen, zum Kernthema der diesj\u00e4hrigen Jahreskonferenz. <\/span><\/p>\n<p><iframe loading=\"lazy\" title=\"&quot;Wer recycelt, gewinnt&quot; - Abfallmanagement in Albanien\" width=\"635\" height=\"357\" src=\"https:\/\/www.youtube.com\/embed\/26TqKtL5QXk?feature=oembed\" frameborder=\"0\" allow=\"accelerometer; autoplay; clipboard-write; encrypted-media; gyroscope; picture-in-picture; web-share\" referrerpolicy=\"strict-origin-when-cross-origin\" allowfullscreen><\/iframe><\/p>\n<h5>Wissenserhalt bei Regierungswechsel<\/h5>\n<p><span class=\"text_exposed_show\">In der professionell gestalteten und somit auch etwas opaken Leistungsschau der offiziellen Schweizer Entwicklungszusammenarbeit gewann das Publikum freilich nur einen oberfl\u00e4chlichen, daf\u00fcr aber reichhaltigen \u00dcberblick \u00fcber das aktuelle Engagement im Westbalkan. Detailliertere Ausk\u00fcnfte erhielt man schon eher am Informationsdesk im Parterre, an dem etwa Alexander Widmer, Programmleiter f\u00fcr Jugendarbeitslosigkeit und Gesundheit des DEZA Albanien, darauf hinwies, dass das DEZA in ihrem Bestreben, die \u00bbDezentralisierung und lokale Entwicklung\u00ab voranzutreiben, ein Monitoring lanciert hat, in dem fl\u00e4chendeckend Fachkompetenzen von Verwaltungsangestellten erfasst werden. Dies soll insbesondere dazu beitragen, diese Fachkompetenzen an die Verwaltung zu binden, das heisst daf\u00fcr zu sorgen, dass diese Kompetenzen auch nach Regierungswechseln zur Kenntnis genommen werden m\u00fcssen und f\u00e4hige Fachleute, die unter der vorherigen Regierung t\u00e4tig waren, nicht mehr willk\u00fcrlich ausgewechselt werden k\u00f6nnen.<\/span><\/p>\n<div class=\"text_exposed_show\">\n<h5>Weibliche Zukunft des Balkans<\/h5>\n<p><div id=\"attachment_411\" style=\"width: 310px\" class=\"wp-caption alignright\"><a href=\"https:\/\/www.albanien.ch\/bb\/2015\/06\/jahreskonferenz-der-schweizer-ostzusammenarbeit\/deza_jahreskonferenz_2015\/\" rel=\"attachment wp-att-411\"><img loading=\"lazy\" decoding=\"async\" aria-describedby=\"caption-attachment-411\" class=\"size-medium wp-image-411\" src=\"https:\/\/www.albanien.ch\/bb\/wp-content\/uploads\/2015\/06\/DEZA_Jahreskonferenz_2015-300x189.jpg\" alt=\"Mimoza Kusari-Lila aus Gjakova, einzige B\u00fcrgermeisterin im Kosovo mit dem Bieler Stadtpr\u00e4sidenten Erich Fehr\" width=\"300\" height=\"189\" srcset=\"https:\/\/www.albanien.ch\/bb\/wp-content\/uploads\/2015\/06\/DEZA_Jahreskonferenz_2015-300x189.jpg 300w, https:\/\/www.albanien.ch\/bb\/wp-content\/uploads\/2015\/06\/DEZA_Jahreskonferenz_2015.jpg 763w\" sizes=\"auto, (max-width: 300px) 100vw, 300px\" \/><\/a><p id=\"caption-attachment-411\" class=\"wp-caption-text\">Mimoza Kusari-Lila aus Gjakova, einzige B\u00fcrgermeisterin im Kosovo mit dem Bieler Stadtpr\u00e4sidenten Erich Fehr<\/p><\/div>Eigentliches Highlight der Veranstaltung waren (neben den wunderbaren Akkordeon-Einlagen von Mario Batkovic irgendwo zwischen Philip Glass, Bach und Balkanfolklore) die verschiedenen Auftritte der energiegeladenen Mimoza Kusari-Lila aus Gjakova, der einzigen B\u00fcrgermeisterin im Kosovo. In perfektem Englisch, mit balkanischer Verve und geistreichem Witz verk\u00f6rperte die Schnelldenkerin die (weibliche) Zukunft des Balkans.<\/p>\n<p><strong>Weitere Informationen<\/strong><br \/>\n<a href=\"https:\/\/www.eda.admin.ch\/deza\/de\/home\/aktuell\/agenda\/jahreskonferenzen\/jahreskonferenz-der-ostzusammenarbeit-2015.html\" target=\"_blank\">&gt;&gt; Jahreskonferenz der Ostzusammenarbeit 2015<\/a><\/p>\n<\/div>\n","protected":false},"excerpt":{"rendered":"<p>Unter dem Titel \u00bbDer Westbalkan im Wandel \u2013 starke Gemeinden f\u00fcr eine nachhaltige Entwicklung\u00ab stellten das DEZA und das SECO am 29. Mai ihre j\u00fcngsten Initiativen und Projekte auf dem Westbalkan vor.<\/p>\n","protected":false},"author":3,"featured_media":412,"comment_status":"open","ping_status":"open","sticky":false,"template":"","format":"standard","meta":{"jetpack_post_was_ever_published":false,"_jetpack_newsletter_access":"","_jetpack_dont_email_post_to_subs":false,"_jetpack_newsletter_tier_id":0,"_jetpack_memberships_contains_paywalled_content":false,"_jetpack_memberships_contains_paid_content":false,"footnotes":"","jetpack_publicize_message":"","jetpack_publicize_feature_enabled":true,"jetpack_social_post_already_shared":true,"jetpack_social_options":{"image_generator_settings":{"template":"highway","default_image_id":0,"font":"","enabled":false},"version":2}},"categories":[7],"tags":[224,225,223,226,227,96],"class_list":["post-410","post","type-post","status-publish","format-standard","has-post-thumbnail","hentry","category-veranstaltungen","tag-deza","tag-dezentralisierung","tag-entwicklungshilfe","tag-gemeinde","tag-recycling","tag-schweiz"],"yoast_head":"<!-- This site is optimized with the Yoast SEO plugin v25.9 - https:\/\/yoast.com\/wordpress\/plugins\/seo\/ -->\n<title>Jahreskonferenz der Schweizer Ostzusammenarbeit - News by newsletter Albanien<\/title>\n<meta name=\"robots\" content=\"index, follow, max-snippet:-1, max-image-preview:large, max-video-preview:-1\" \/>\n<link rel=\"canonical\" href=\"https:\/\/www.albanien.ch\/bb\/2015\/06\/jahreskonferenz-der-schweizer-ostzusammenarbeit\/\" \/>\n<meta property=\"og:locale\" content=\"de_DE\" \/>\n<meta property=\"og:type\" content=\"article\" \/>\n<meta property=\"og:title\" content=\"Jahreskonferenz der Schweizer Ostzusammenarbeit - News by newsletter Albanien\" \/>\n<meta property=\"og:description\" content=\"Unter dem Titel \u00bbDer Westbalkan im Wandel \u2013 starke Gemeinden f\u00fcr eine nachhaltige Entwicklung\u00ab stellten das DEZA und das SECO am 29. Mai ihre j\u00fcngsten Initiativen und Projekte auf dem Westbalkan vor.\" \/>\n<meta property=\"og:url\" content=\"https:\/\/www.albanien.ch\/bb\/2015\/06\/jahreskonferenz-der-schweizer-ostzusammenarbeit\/\" \/>\n<meta property=\"og:site_name\" content=\"News by newsletter Albanien\" \/>\n<meta property=\"article:published_time\" content=\"2015-06-02T20:41:29+00:00\" \/>\n<meta property=\"article:modified_time\" content=\"2015-06-10T06:53:42+00:00\" \/>\n<meta property=\"og:image\" content=\"https:\/\/www.albanien.ch\/bb\/wp-content\/uploads\/2015\/06\/Mu\u0308llentsorgung.jpg\" \/>\n\t<meta property=\"og:image:width\" content=\"3360\" \/>\n\t<meta property=\"og:image:height\" content=\"1737\" \/>\n\t<meta property=\"og:image:type\" content=\"image\/jpeg\" \/>\n<meta name=\"author\" content=\"Christian Hadorn\" \/>\n<meta name=\"twitter:card\" content=\"summary_large_image\" \/>\n<meta name=\"twitter:label1\" content=\"Verfasst von\" \/>\n\t<meta name=\"twitter:data1\" content=\"Christian Hadorn\" \/>\n\t<meta name=\"twitter:label2\" content=\"Gesch\u00e4tzte Lesezeit\" \/>\n\t<meta name=\"twitter:data2\" content=\"2\u00a0Minuten\" \/>\n<script type=\"application\/ld+json\" class=\"yoast-schema-graph\">{\"@context\":\"https:\/\/schema.org\",\"@graph\":[{\"@type\":\"WebPage\",\"@id\":\"https:\/\/www.albanien.ch\/bb\/2015\/06\/jahreskonferenz-der-schweizer-ostzusammenarbeit\/\",\"url\":\"https:\/\/www.albanien.ch\/bb\/2015\/06\/jahreskonferenz-der-schweizer-ostzusammenarbeit\/\",\"name\":\"Jahreskonferenz der Schweizer Ostzusammenarbeit - News by newsletter Albanien\",\"isPartOf\":{\"@id\":\"https:\/\/www.albanien.ch\/bb\/#website\"},\"primaryImageOfPage\":{\"@id\":\"https:\/\/www.albanien.ch\/bb\/2015\/06\/jahreskonferenz-der-schweizer-ostzusammenarbeit\/#primaryimage\"},\"image\":{\"@id\":\"https:\/\/www.albanien.ch\/bb\/2015\/06\/jahreskonferenz-der-schweizer-ostzusammenarbeit\/#primaryimage\"},\"thumbnailUrl\":\"https:\/\/www.albanien.ch\/bb\/wp-content\/uploads\/2015\/06\/Mu\u0308llentsorgung.jpg\",\"datePublished\":\"2015-06-02T20:41:29+00:00\",\"dateModified\":\"2015-06-10T06:53:42+00:00\",\"author\":{\"@id\":\"https:\/\/www.albanien.ch\/bb\/#\/schema\/person\/fcf0db7191a92e7943c3e43fc7a028c2\"},\"breadcrumb\":{\"@id\":\"https:\/\/www.albanien.ch\/bb\/2015\/06\/jahreskonferenz-der-schweizer-ostzusammenarbeit\/#breadcrumb\"},\"inLanguage\":\"de\",\"potentialAction\":[{\"@type\":\"ReadAction\",\"target\":[\"https:\/\/www.albanien.ch\/bb\/2015\/06\/jahreskonferenz-der-schweizer-ostzusammenarbeit\/\"]}]},{\"@type\":\"ImageObject\",\"inLanguage\":\"de\",\"@id\":\"https:\/\/www.albanien.ch\/bb\/2015\/06\/jahreskonferenz-der-schweizer-ostzusammenarbeit\/#primaryimage\",\"url\":\"https:\/\/www.albanien.ch\/bb\/wp-content\/uploads\/2015\/06\/Mu\u0308llentsorgung.jpg\",\"contentUrl\":\"https:\/\/www.albanien.ch\/bb\/wp-content\/uploads\/2015\/06\/Mu\u0308llentsorgung.jpg\",\"width\":3360,\"height\":1737,\"caption\":\"Screenshot YouTube \u2013 Abfallmanagement in Albanien\"},{\"@type\":\"BreadcrumbList\",\"@id\":\"https:\/\/www.albanien.ch\/bb\/2015\/06\/jahreskonferenz-der-schweizer-ostzusammenarbeit\/#breadcrumb\",\"itemListElement\":[{\"@type\":\"ListItem\",\"position\":1,\"name\":\"Startseite\",\"item\":\"https:\/\/www.albanien.ch\/bb\/\"},{\"@type\":\"ListItem\",\"position\":2,\"name\":\"Jahreskonferenz der Schweizer Ostzusammenarbeit\"}]},{\"@type\":\"WebSite\",\"@id\":\"https:\/\/www.albanien.ch\/bb\/#website\",\"url\":\"https:\/\/www.albanien.ch\/bb\/\",\"name\":\"News by newsletter Albanien\",\"description\":\"Nachrichten aus und \u00fcber Albanien\",\"potentialAction\":[{\"@type\":\"SearchAction\",\"target\":{\"@type\":\"EntryPoint\",\"urlTemplate\":\"https:\/\/www.albanien.ch\/bb\/?s={search_term_string}\"},\"query-input\":{\"@type\":\"PropertyValueSpecification\",\"valueRequired\":true,\"valueName\":\"search_term_string\"}}],\"inLanguage\":\"de\"},{\"@type\":\"Person\",\"@id\":\"https:\/\/www.albanien.ch\/bb\/#\/schema\/person\/fcf0db7191a92e7943c3e43fc7a028c2\",\"name\":\"Christian Hadorn\",\"url\":\"https:\/\/www.albanien.ch\/bb\/author\/christian-hadorn\/\"}]}<\/script>\n<!-- \/ Yoast SEO plugin. -->","yoast_head_json":{"title":"Jahreskonferenz der Schweizer Ostzusammenarbeit - News by newsletter Albanien","robots":{"index":"index","follow":"follow","max-snippet":"max-snippet:-1","max-image-preview":"max-image-preview:large","max-video-preview":"max-video-preview:-1"},"canonical":"https:\/\/www.albanien.ch\/bb\/2015\/06\/jahreskonferenz-der-schweizer-ostzusammenarbeit\/","og_locale":"de_DE","og_type":"article","og_title":"Jahreskonferenz der Schweizer Ostzusammenarbeit - News by newsletter Albanien","og_description":"Unter dem Titel \u00bbDer Westbalkan im Wandel \u2013 starke Gemeinden f\u00fcr eine nachhaltige Entwicklung\u00ab stellten das DEZA und das SECO am 29. Mai ihre j\u00fcngsten Initiativen und Projekte auf dem Westbalkan vor.","og_url":"https:\/\/www.albanien.ch\/bb\/2015\/06\/jahreskonferenz-der-schweizer-ostzusammenarbeit\/","og_site_name":"News by newsletter Albanien","article_published_time":"2015-06-02T20:41:29+00:00","article_modified_time":"2015-06-10T06:53:42+00:00","og_image":[{"width":3360,"height":1737,"url":"https:\/\/www.albanien.ch\/bb\/wp-content\/uploads\/2015\/06\/Mu\u0308llentsorgung.jpg","type":"image\/jpeg"}],"author":"Christian Hadorn","twitter_card":"summary_large_image","twitter_misc":{"Verfasst von":"Christian Hadorn","Gesch\u00e4tzte Lesezeit":"2\u00a0Minuten"},"schema":{"@context":"https:\/\/schema.org","@graph":[{"@type":"WebPage","@id":"https:\/\/www.albanien.ch\/bb\/2015\/06\/jahreskonferenz-der-schweizer-ostzusammenarbeit\/","url":"https:\/\/www.albanien.ch\/bb\/2015\/06\/jahreskonferenz-der-schweizer-ostzusammenarbeit\/","name":"Jahreskonferenz der Schweizer Ostzusammenarbeit - News by newsletter Albanien","isPartOf":{"@id":"https:\/\/www.albanien.ch\/bb\/#website"},"primaryImageOfPage":{"@id":"https:\/\/www.albanien.ch\/bb\/2015\/06\/jahreskonferenz-der-schweizer-ostzusammenarbeit\/#primaryimage"},"image":{"@id":"https:\/\/www.albanien.ch\/bb\/2015\/06\/jahreskonferenz-der-schweizer-ostzusammenarbeit\/#primaryimage"},"thumbnailUrl":"https:\/\/www.albanien.ch\/bb\/wp-content\/uploads\/2015\/06\/Mu\u0308llentsorgung.jpg","datePublished":"2015-06-02T20:41:29+00:00","dateModified":"2015-06-10T06:53:42+00:00","author":{"@id":"https:\/\/www.albanien.ch\/bb\/#\/schema\/person\/fcf0db7191a92e7943c3e43fc7a028c2"},"breadcrumb":{"@id":"https:\/\/www.albanien.ch\/bb\/2015\/06\/jahreskonferenz-der-schweizer-ostzusammenarbeit\/#breadcrumb"},"inLanguage":"de","potentialAction":[{"@type":"ReadAction","target":["https:\/\/www.albanien.ch\/bb\/2015\/06\/jahreskonferenz-der-schweizer-ostzusammenarbeit\/"]}]},{"@type":"ImageObject","inLanguage":"de","@id":"https:\/\/www.albanien.ch\/bb\/2015\/06\/jahreskonferenz-der-schweizer-ostzusammenarbeit\/#primaryimage","url":"https:\/\/www.albanien.ch\/bb\/wp-content\/uploads\/2015\/06\/Mu\u0308llentsorgung.jpg","contentUrl":"https:\/\/www.albanien.ch\/bb\/wp-content\/uploads\/2015\/06\/Mu\u0308llentsorgung.jpg","width":3360,"height":1737,"caption":"Screenshot YouTube \u2013 Abfallmanagement in Albanien"},{"@type":"BreadcrumbList","@id":"https:\/\/www.albanien.ch\/bb\/2015\/06\/jahreskonferenz-der-schweizer-ostzusammenarbeit\/#breadcrumb","itemListElement":[{"@type":"ListItem","position":1,"name":"Startseite","item":"https:\/\/www.albanien.ch\/bb\/"},{"@type":"ListItem","position":2,"name":"Jahreskonferenz der Schweizer Ostzusammenarbeit"}]},{"@type":"WebSite","@id":"https:\/\/www.albanien.ch\/bb\/#website","url":"https:\/\/www.albanien.ch\/bb\/","name":"News by newsletter Albanien","description":"Nachrichten aus und \u00fcber Albanien","potentialAction":[{"@type":"SearchAction","target":{"@type":"EntryPoint","urlTemplate":"https:\/\/www.albanien.ch\/bb\/?s={search_term_string}"},"query-input":{"@type":"PropertyValueSpecification","valueRequired":true,"valueName":"search_term_string"}}],"inLanguage":"de"},{"@type":"Person","@id":"https:\/\/www.albanien.ch\/bb\/#\/schema\/person\/fcf0db7191a92e7943c3e43fc7a028c2","name":"Christian Hadorn","url":"https:\/\/www.albanien.ch\/bb\/author\/christian-hadorn\/"}]}},"jetpack_publicize_connections":[],"jetpack_featured_media_url":"https:\/\/www.albanien.ch\/bb\/wp-content\/uploads\/2015\/06\/Mu\u0308llentsorgung.jpg","jetpack_sharing_enabled":true,"jetpack_likes_enabled":false,"_links":{"self":[{"href":"https:\/\/www.albanien.ch\/bb\/wp-json\/wp\/v2\/posts\/410","targetHints":{"allow":["GET"]}}],"collection":[{"href":"https:\/\/www.albanien.ch\/bb\/wp-json\/wp\/v2\/posts"}],"about":[{"href":"https:\/\/www.albanien.ch\/bb\/wp-json\/wp\/v2\/types\/post"}],"author":[{"embeddable":true,"href":"https:\/\/www.albanien.ch\/bb\/wp-json\/wp\/v2\/users\/3"}],"replies":[{"embeddable":true,"href":"https:\/\/www.albanien.ch\/bb\/wp-json\/wp\/v2\/comments?post=410"}],"version-history":[{"count":9,"href":"https:\/\/www.albanien.ch\/bb\/wp-json\/wp\/v2\/posts\/410\/revisions"}],"predecessor-version":[{"id":424,"href":"https:\/\/www.albanien.ch\/bb\/wp-json\/wp\/v2\/posts\/410\/revisions\/424"}],"wp:featuredmedia":[{"embeddable":true,"href":"https:\/\/www.albanien.ch\/bb\/wp-json\/wp\/v2\/media\/412"}],"wp:attachment":[{"href":"https:\/\/www.albanien.ch\/bb\/wp-json\/wp\/v2\/media?parent=410"}],"wp:term":[{"taxonomy":"category","embeddable":true,"href":"https:\/\/www.albanien.ch\/bb\/wp-json\/wp\/v2\/categories?post=410"},{"taxonomy":"post_tag","embeddable":true,"href":"https:\/\/www.albanien.ch\/bb\/wp-json\/wp\/v2\/tags?post=410"}],"curies":[{"name":"wp","href":"https:\/\/api.w.org\/{rel}","templated":true}]}}