{"id":1597,"date":"2023-01-16T01:02:55","date_gmt":"2023-01-16T00:02:55","guid":{"rendered":"https:\/\/www.albanien.ch\/bb\/?p=1597"},"modified":"2023-01-16T01:03:54","modified_gmt":"2023-01-16T00:03:54","slug":"erdbeben-bei-klos","status":"publish","type":"post","link":"https:\/\/www.albanien.ch\/bb\/2023\/01\/erdbeben-bei-klos\/","title":{"rendered":"Erdbeben bei Klos"},"content":{"rendered":"\n<p>Ein Erdbeben hat Mittelalbanien am sp\u00e4ten Sonntagabend kurz vor Mitternacht ersch\u00fcttert. Die St\u00e4rke wird mit 4,8 auf der Richterskala angegeben. <\/p>\n\n\n\n<!--more-->\n\n\n<div class=\"wp-block-image\">\n<figure class=\"alignright size-medium\"><a href=\"https:\/\/www.albanien.ch\/bb\/?attachment_id=1598\"><img loading=\"lazy\" decoding=\"async\" width=\"300\" height=\"200\" src=\"https:\/\/www.albanien.ch\/bb\/wp-content\/uploads\/2023\/01\/xiber-300x200.jpg\" alt=\"Xib\u00ebr, Albanien \u2013\u00a0Region des Erdbebens vom 15. Januar 2023\" class=\"wp-image-1598\" srcset=\"https:\/\/www.albanien.ch\/bb\/wp-content\/uploads\/2023\/01\/xiber-300x200.jpg 300w, https:\/\/www.albanien.ch\/bb\/wp-content\/uploads\/2023\/01\/xiber-1024x683.jpg 1024w, https:\/\/www.albanien.ch\/bb\/wp-content\/uploads\/2023\/01\/xiber-768x512.jpg 768w, https:\/\/www.albanien.ch\/bb\/wp-content\/uploads\/2023\/01\/xiber-600x400.jpg 600w, https:\/\/www.albanien.ch\/bb\/wp-content\/uploads\/2023\/01\/xiber-1320x880.jpg 1320w, https:\/\/www.albanien.ch\/bb\/wp-content\/uploads\/2023\/01\/xiber.jpg 1500w\" sizes=\"auto, (max-width: 300px) 100vw, 300px\" \/><\/a><figcaption>Xib\u00ebr, Region des Erdbebens vom 15. Januar 2023<\/figcaption><\/figure><\/div>\n\n\n<p>Das Epizentrum soll nord\u00f6stlich von Tirana liegen \u2013 unweit vom Dorf Xib\u00ebr \u00f6stlich des Muriza-Passes, den die <a href=\"https:\/\/albanien.ch\/albanien_info\/neue-strassen-in-albanien-von-touristischem-interesse\/\">Rruga e Arb\u00ebrit<\/a> quert.<\/p>\n\n\n\n<p>Erste Sch\u00e4den an Geb\u00e4uden wurden aus der betroffenen Region berichtet. In anderen St\u00e4dten gab es Stromausf\u00e4lle. <\/p>\n\n\n\n<p>Das Erdbeben war in Tirana und weiten Gebieten Albaniens gut sp\u00fcrbar. Auch in Nachbarl\u00e4ndern wurde das Erdbeben wahrgenommen. Laut Augenzeugenberichten ist in Tirana den Ersch\u00fctterungen grosser L\u00e4rm vorangegangen.<\/p>\n\n\n\n<figure class=\"wp-block-embed is-type-rich is-provider-twitter wp-block-embed-twitter\"><div class=\"wp-block-embed__wrapper\">\n<div class=\"embed-twitter\"><blockquote class=\"twitter-tweet\" data-width=\"550\" data-dnt=\"true\"><p lang=\"en\" dir=\"ltr\">\ud83d\udd14<a href=\"https:\/\/twitter.com\/hashtag\/Earthquake?src=hash&amp;ref_src=twsrc%5Etfw\">#Earthquake<\/a> (<a href=\"https:\/\/twitter.com\/hashtag\/t%C3%ABrmet?src=hash&amp;ref_src=twsrc%5Etfw\">#t\u00ebrmet<\/a>) M4.8 occurred 18 km NE of <a href=\"https:\/\/twitter.com\/hashtag\/Tirana?src=hash&amp;ref_src=twsrc%5Etfw\">#Tirana<\/a> (<a href=\"https:\/\/twitter.com\/hashtag\/Albania?src=hash&amp;ref_src=twsrc%5Etfw\">#Albania<\/a>) 4 min ago (local time 22:37:22). More info at:<br>\ud83d\udcf1<a href=\"https:\/\/t.co\/LBaVNedgF9\">https:\/\/t.co\/LBaVNedgF9<\/a><br>\ud83c\udf10<a href=\"https:\/\/t.co\/8ZZar5tKdr\">https:\/\/t.co\/8ZZar5tKdr<\/a><br>\ud83d\udda5<a href=\"https:\/\/t.co\/N0FbFlzV2u\">https:\/\/t.co\/N0FbFlzV2u<\/a> <a href=\"https:\/\/t.co\/eyAwulkkRd\">pic.twitter.com\/eyAwulkkRd<\/a><\/p>&mdash; EMSC (@LastQuake) <a href=\"https:\/\/twitter.com\/LastQuake\/status\/1614739521538605059?ref_src=twsrc%5Etfw\">January 15, 2023<\/a><\/blockquote><script async src=\"https:\/\/platform.twitter.com\/widgets.js\" charset=\"utf-8\"><\/script><\/div>\n<\/div><\/figure>\n\n\n\n<p>Am 26. November 2019 hat ein <a href=\"https:\/\/www.albanien.ch\/bb\/2019\/11\/erneutes-erdbeben\/\">schweres Erdbeben<\/a> (6,4 Punkte auf der Richterskala) Mittelalbanien ersch\u00fcttert. Es gab damals schwere Sch\u00e4den und noch wochenlang Nachbeben \u2013\u00a051 Todesopfer waren zu beklagen.<\/p>\n\n\n\n<p class=\"has-text-align-right\"><em>(nlA)<\/em><\/p>\n","protected":false},"excerpt":{"rendered":"<p>Ein Erdbeben hat Mittelalbanien am sp\u00e4ten Sonntagabend kurz vor Mitternacht ersch\u00fcttert. Die St\u00e4rke wird mit 4,8 auf der Richterskala angegeben.<\/p>\n","protected":false},"author":2,"featured_media":1598,"comment_status":"open","ping_status":"open","sticky":false,"template":"","format":"standard","meta":{"jetpack_post_was_ever_published":false,"_jetpack_newsletter_access":"","_jetpack_dont_email_post_to_subs":false,"_jetpack_newsletter_tier_id":0,"_jetpack_memberships_contains_paywalled_content":false,"_jetpack_memberships_contains_paid_content":false,"footnotes":"","jetpack_publicize_message":"","jetpack_publicize_feature_enabled":true,"jetpack_social_post_already_shared":true,"jetpack_social_options":{"image_generator_settings":{"template":"highway","default_image_id":0,"font":"","enabled":false},"version":2}},"categories":[3],"tags":[101,378],"class_list":["post-1597","post","type-post","status-publish","format-standard","has-post-thumbnail","hentry","category-aktuelles-aus-albanien","tag-erdbeben","tag-klos"],"yoast_head":"<!-- This site is optimized with the Yoast SEO plugin v25.9 - https:\/\/yoast.com\/wordpress\/plugins\/seo\/ -->\n<title>Erdbeben bei Klos, Albanien - aktuelle Nachrichten auf albanien.ch<\/title>\n<meta name=\"description\" content=\"Ein Erdbeben hat Mittelalbanien am sp\u00e4ten Sonntagabend kurz vor Mitternacht ersch\u00fcttert. Die St\u00e4rke betrug 4,8 auf der Richterskala.\" \/>\n<meta name=\"robots\" content=\"index, follow, max-snippet:-1, max-image-preview:large, max-video-preview:-1\" \/>\n<link rel=\"canonical\" href=\"https:\/\/www.albanien.ch\/bb\/2023\/01\/erdbeben-bei-klos\/\" \/>\n<meta property=\"og:locale\" content=\"de_DE\" \/>\n<meta property=\"og:type\" content=\"article\" \/>\n<meta property=\"og:title\" content=\"Erdbeben bei Klos, Albanien - aktuelle Nachrichten auf albanien.ch\" \/>\n<meta property=\"og:description\" content=\"Ein Erdbeben hat Mittelalbanien am sp\u00e4ten Sonntagabend kurz vor Mitternacht ersch\u00fcttert. Die St\u00e4rke betrug 4,8 auf der Richterskala.\" \/>\n<meta property=\"og:url\" content=\"https:\/\/www.albanien.ch\/bb\/2023\/01\/erdbeben-bei-klos\/\" \/>\n<meta property=\"og:site_name\" content=\"News by newsletter Albanien\" \/>\n<meta property=\"article:published_time\" content=\"2023-01-16T00:02:55+00:00\" \/>\n<meta property=\"article:modified_time\" content=\"2023-01-16T00:03:54+00:00\" \/>\n<meta property=\"og:image\" content=\"https:\/\/www.albanien.ch\/bb\/wp-content\/uploads\/2023\/01\/xiber.jpg\" \/>\n\t<meta property=\"og:image:width\" content=\"1500\" \/>\n\t<meta property=\"og:image:height\" content=\"1000\" \/>\n\t<meta property=\"og:image:type\" content=\"image\/jpeg\" \/>\n<meta name=\"author\" content=\"Admin albanien.ch\" \/>\n<meta name=\"twitter:card\" content=\"summary_large_image\" \/>\n<meta name=\"twitter:label1\" content=\"Verfasst von\" \/>\n\t<meta name=\"twitter:data1\" content=\"Admin albanien.ch\" \/>\n\t<meta name=\"twitter:label2\" content=\"Gesch\u00e4tzte Lesezeit\" \/>\n\t<meta name=\"twitter:data2\" content=\"1\u00a0Minute\" \/>\n<script type=\"application\/ld+json\" class=\"yoast-schema-graph\">{\"@context\":\"https:\/\/schema.org\",\"@graph\":[{\"@type\":\"WebPage\",\"@id\":\"https:\/\/www.albanien.ch\/bb\/2023\/01\/erdbeben-bei-klos\/\",\"url\":\"https:\/\/www.albanien.ch\/bb\/2023\/01\/erdbeben-bei-klos\/\",\"name\":\"Erdbeben bei Klos, Albanien - aktuelle Nachrichten auf albanien.ch\",\"isPartOf\":{\"@id\":\"https:\/\/www.albanien.ch\/bb\/#website\"},\"primaryImageOfPage\":{\"@id\":\"https:\/\/www.albanien.ch\/bb\/2023\/01\/erdbeben-bei-klos\/#primaryimage\"},\"image\":{\"@id\":\"https:\/\/www.albanien.ch\/bb\/2023\/01\/erdbeben-bei-klos\/#primaryimage\"},\"thumbnailUrl\":\"https:\/\/www.albanien.ch\/bb\/wp-content\/uploads\/2023\/01\/xiber.jpg\",\"datePublished\":\"2023-01-16T00:02:55+00:00\",\"dateModified\":\"2023-01-16T00:03:54+00:00\",\"author\":{\"@id\":\"https:\/\/www.albanien.ch\/bb\/#\/schema\/person\/331e81180e76164843e368360a071e81\"},\"description\":\"Ein Erdbeben hat Mittelalbanien am sp\u00e4ten Sonntagabend kurz vor Mitternacht ersch\u00fcttert. Die St\u00e4rke betrug 4,8 auf der Richterskala.\",\"breadcrumb\":{\"@id\":\"https:\/\/www.albanien.ch\/bb\/2023\/01\/erdbeben-bei-klos\/#breadcrumb\"},\"inLanguage\":\"de\",\"potentialAction\":[{\"@type\":\"ReadAction\",\"target\":[\"https:\/\/www.albanien.ch\/bb\/2023\/01\/erdbeben-bei-klos\/\"]}]},{\"@type\":\"ImageObject\",\"inLanguage\":\"de\",\"@id\":\"https:\/\/www.albanien.ch\/bb\/2023\/01\/erdbeben-bei-klos\/#primaryimage\",\"url\":\"https:\/\/www.albanien.ch\/bb\/wp-content\/uploads\/2023\/01\/xiber.jpg\",\"contentUrl\":\"https:\/\/www.albanien.ch\/bb\/wp-content\/uploads\/2023\/01\/xiber.jpg\",\"width\":1500,\"height\":1000,\"caption\":\"Xib\u00ebr, Region des Erdbebens vom 15. Januar 2023\"},{\"@type\":\"BreadcrumbList\",\"@id\":\"https:\/\/www.albanien.ch\/bb\/2023\/01\/erdbeben-bei-klos\/#breadcrumb\",\"itemListElement\":[{\"@type\":\"ListItem\",\"position\":1,\"name\":\"Startseite\",\"item\":\"https:\/\/www.albanien.ch\/bb\/\"},{\"@type\":\"ListItem\",\"position\":2,\"name\":\"Erdbeben bei Klos\"}]},{\"@type\":\"WebSite\",\"@id\":\"https:\/\/www.albanien.ch\/bb\/#website\",\"url\":\"https:\/\/www.albanien.ch\/bb\/\",\"name\":\"News by newsletter Albanien\",\"description\":\"Nachrichten aus und \u00fcber Albanien\",\"potentialAction\":[{\"@type\":\"SearchAction\",\"target\":{\"@type\":\"EntryPoint\",\"urlTemplate\":\"https:\/\/www.albanien.ch\/bb\/?s={search_term_string}\"},\"query-input\":{\"@type\":\"PropertyValueSpecification\",\"valueRequired\":true,\"valueName\":\"search_term_string\"}}],\"inLanguage\":\"de\"},{\"@type\":\"Person\",\"@id\":\"https:\/\/www.albanien.ch\/bb\/#\/schema\/person\/331e81180e76164843e368360a071e81\",\"name\":\"Admin albanien.ch\",\"sameAs\":[\"http:\/\/www.albanien.ch\"],\"url\":\"https:\/\/www.albanien.ch\/bb\/author\/admin\/\"}]}<\/script>\n<!-- \/ Yoast SEO plugin. -->","yoast_head_json":{"title":"Erdbeben bei Klos, Albanien - aktuelle Nachrichten auf albanien.ch","description":"Ein Erdbeben hat Mittelalbanien am sp\u00e4ten Sonntagabend kurz vor Mitternacht ersch\u00fcttert. Die St\u00e4rke betrug 4,8 auf der Richterskala.","robots":{"index":"index","follow":"follow","max-snippet":"max-snippet:-1","max-image-preview":"max-image-preview:large","max-video-preview":"max-video-preview:-1"},"canonical":"https:\/\/www.albanien.ch\/bb\/2023\/01\/erdbeben-bei-klos\/","og_locale":"de_DE","og_type":"article","og_title":"Erdbeben bei Klos, Albanien - aktuelle Nachrichten auf albanien.ch","og_description":"Ein Erdbeben hat Mittelalbanien am sp\u00e4ten Sonntagabend kurz vor Mitternacht ersch\u00fcttert. Die St\u00e4rke betrug 4,8 auf der Richterskala.","og_url":"https:\/\/www.albanien.ch\/bb\/2023\/01\/erdbeben-bei-klos\/","og_site_name":"News by newsletter Albanien","article_published_time":"2023-01-16T00:02:55+00:00","article_modified_time":"2023-01-16T00:03:54+00:00","og_image":[{"width":1500,"height":1000,"url":"https:\/\/www.albanien.ch\/bb\/wp-content\/uploads\/2023\/01\/xiber.jpg","type":"image\/jpeg"}],"author":"Admin albanien.ch","twitter_card":"summary_large_image","twitter_misc":{"Verfasst von":"Admin albanien.ch","Gesch\u00e4tzte Lesezeit":"1\u00a0Minute"},"schema":{"@context":"https:\/\/schema.org","@graph":[{"@type":"WebPage","@id":"https:\/\/www.albanien.ch\/bb\/2023\/01\/erdbeben-bei-klos\/","url":"https:\/\/www.albanien.ch\/bb\/2023\/01\/erdbeben-bei-klos\/","name":"Erdbeben bei Klos, Albanien - aktuelle Nachrichten auf albanien.ch","isPartOf":{"@id":"https:\/\/www.albanien.ch\/bb\/#website"},"primaryImageOfPage":{"@id":"https:\/\/www.albanien.ch\/bb\/2023\/01\/erdbeben-bei-klos\/#primaryimage"},"image":{"@id":"https:\/\/www.albanien.ch\/bb\/2023\/01\/erdbeben-bei-klos\/#primaryimage"},"thumbnailUrl":"https:\/\/www.albanien.ch\/bb\/wp-content\/uploads\/2023\/01\/xiber.jpg","datePublished":"2023-01-16T00:02:55+00:00","dateModified":"2023-01-16T00:03:54+00:00","author":{"@id":"https:\/\/www.albanien.ch\/bb\/#\/schema\/person\/331e81180e76164843e368360a071e81"},"description":"Ein Erdbeben hat Mittelalbanien am sp\u00e4ten Sonntagabend kurz vor Mitternacht ersch\u00fcttert. Die St\u00e4rke betrug 4,8 auf der Richterskala.","breadcrumb":{"@id":"https:\/\/www.albanien.ch\/bb\/2023\/01\/erdbeben-bei-klos\/#breadcrumb"},"inLanguage":"de","potentialAction":[{"@type":"ReadAction","target":["https:\/\/www.albanien.ch\/bb\/2023\/01\/erdbeben-bei-klos\/"]}]},{"@type":"ImageObject","inLanguage":"de","@id":"https:\/\/www.albanien.ch\/bb\/2023\/01\/erdbeben-bei-klos\/#primaryimage","url":"https:\/\/www.albanien.ch\/bb\/wp-content\/uploads\/2023\/01\/xiber.jpg","contentUrl":"https:\/\/www.albanien.ch\/bb\/wp-content\/uploads\/2023\/01\/xiber.jpg","width":1500,"height":1000,"caption":"Xib\u00ebr, Region des Erdbebens vom 15. Januar 2023"},{"@type":"BreadcrumbList","@id":"https:\/\/www.albanien.ch\/bb\/2023\/01\/erdbeben-bei-klos\/#breadcrumb","itemListElement":[{"@type":"ListItem","position":1,"name":"Startseite","item":"https:\/\/www.albanien.ch\/bb\/"},{"@type":"ListItem","position":2,"name":"Erdbeben bei Klos"}]},{"@type":"WebSite","@id":"https:\/\/www.albanien.ch\/bb\/#website","url":"https:\/\/www.albanien.ch\/bb\/","name":"News by newsletter Albanien","description":"Nachrichten aus und \u00fcber Albanien","potentialAction":[{"@type":"SearchAction","target":{"@type":"EntryPoint","urlTemplate":"https:\/\/www.albanien.ch\/bb\/?s={search_term_string}"},"query-input":{"@type":"PropertyValueSpecification","valueRequired":true,"valueName":"search_term_string"}}],"inLanguage":"de"},{"@type":"Person","@id":"https:\/\/www.albanien.ch\/bb\/#\/schema\/person\/331e81180e76164843e368360a071e81","name":"Admin albanien.ch","sameAs":["http:\/\/www.albanien.ch"],"url":"https:\/\/www.albanien.ch\/bb\/author\/admin\/"}]}},"jetpack_publicize_connections":[],"jetpack_featured_media_url":"https:\/\/www.albanien.ch\/bb\/wp-content\/uploads\/2023\/01\/xiber.jpg","jetpack_sharing_enabled":true,"jetpack_likes_enabled":false,"_links":{"self":[{"href":"https:\/\/www.albanien.ch\/bb\/wp-json\/wp\/v2\/posts\/1597","targetHints":{"allow":["GET"]}}],"collection":[{"href":"https:\/\/www.albanien.ch\/bb\/wp-json\/wp\/v2\/posts"}],"about":[{"href":"https:\/\/www.albanien.ch\/bb\/wp-json\/wp\/v2\/types\/post"}],"author":[{"embeddable":true,"href":"https:\/\/www.albanien.ch\/bb\/wp-json\/wp\/v2\/users\/2"}],"replies":[{"embeddable":true,"href":"https:\/\/www.albanien.ch\/bb\/wp-json\/wp\/v2\/comments?post=1597"}],"version-history":[{"count":1,"href":"https:\/\/www.albanien.ch\/bb\/wp-json\/wp\/v2\/posts\/1597\/revisions"}],"predecessor-version":[{"id":1599,"href":"https:\/\/www.albanien.ch\/bb\/wp-json\/wp\/v2\/posts\/1597\/revisions\/1599"}],"wp:featuredmedia":[{"embeddable":true,"href":"https:\/\/www.albanien.ch\/bb\/wp-json\/wp\/v2\/media\/1598"}],"wp:attachment":[{"href":"https:\/\/www.albanien.ch\/bb\/wp-json\/wp\/v2\/media?parent=1597"}],"wp:term":[{"taxonomy":"category","embeddable":true,"href":"https:\/\/www.albanien.ch\/bb\/wp-json\/wp\/v2\/categories?post=1597"},{"taxonomy":"post_tag","embeddable":true,"href":"https:\/\/www.albanien.ch\/bb\/wp-json\/wp\/v2\/tags?post=1597"}],"curies":[{"name":"wp","href":"https:\/\/api.w.org\/{rel}","templated":true}]}}